{"id":207,"date":"2019-12-27T10:42:27","date_gmt":"2019-12-27T10:42:27","guid":{"rendered":"https:\/\/www.apprentus.fr\/blog\/?p=207"},"modified":"2025-07-22T08:41:51","modified_gmt":"2025-07-22T08:41:51","slug":"cours-de-guitare-quand-lintegration-se-fait-par-la-musique","status":"publish","type":"post","link":"https:\/\/www.apprentus.fr\/blog\/cours-de-guitare-quand-lintegration-se-fait-par-la-musique\/","title":{"rendered":"Cours de guitare : quand l\u2019int\u00e9gration se fait par la musique"},"content":{"rendered":"\n<figure class=\"wp-block-image\"><img fetchpriority=\"high\" decoding=\"async\" width=\"1024\" height=\"682\" src=\"https:\/\/www.apprentus.fr\/blog\/wp-content\/uploads\/sites\/4\/2019\/12\/cours-de-guitare-1024x682.jpg\" alt=\"guitariste\" class=\"wp-image-208\" srcset=\"https:\/\/www.apprentus.fr\/blog\/wp-content\/uploads\/sites\/4\/2019\/12\/cours-de-guitare-1024x682.jpg 1024w, https:\/\/www.apprentus.fr\/blog\/wp-content\/uploads\/sites\/4\/2019\/12\/cours-de-guitare-300x200.jpg 300w, https:\/\/www.apprentus.fr\/blog\/wp-content\/uploads\/sites\/4\/2019\/12\/cours-de-guitare-768x512.jpg 768w, https:\/\/www.apprentus.fr\/blog\/wp-content\/uploads\/sites\/4\/2019\/12\/cours-de-guitare-601x400.jpg 601w, https:\/\/www.apprentus.fr\/blog\/wp-content\/uploads\/sites\/4\/2019\/12\/cours-de-guitare-455x303.jpg 455w, https:\/\/www.apprentus.fr\/blog\/wp-content\/uploads\/sites\/4\/2019\/12\/cours-de-guitare-267x178.jpg 267w, https:\/\/www.apprentus.fr\/blog\/wp-content\/uploads\/sites\/4\/2019\/12\/cours-de-guitare.jpg 1198w\" sizes=\"(max-width: 1024px) 100vw, 1024px\" \/><\/figure>\n\n\n\n<p>Les fameux cours de guitare, tous les mercredis et vendredis, seront \u00e0 tout jamais grav\u00e9s dans notre m\u00e9moire et surtout dans celle de mon p\u00e8re. Des souvenirs charg\u00e9s d\u2019\u00e9motions et surtout des fous rires \u00e9normes quand on en reparle entre nous. Nous venions de nous installer en France et mon p\u00e8re, par souci d\u2019int\u00e9gration, souhaitait vivement adopter le \u201cmode de vie local\u201d. Nous \u00e9tions donc aux anges, mon fr\u00e8re et moi, impatients de go\u00fbter aux traditions locales telles que ce sublime terrain de football avec du vrai gazon ou ces magnifiques jeunes filles aux cheveux si blonds. Mais pour mon papa, adopter le mode de vie local avait un tout autre sens que celui imagin\u00e9 par deux adolescents boutonneux fans de foot et de filles. Pour faire plus \u201cfran\u00e7ais\u201d, mon p\u00e8re avait eu la lumineuse id\u00e9e de nous inscrire \u00e0 des cours de musique, dans une v\u00e9ritable \u00e9cole de musique et avec de v\u00e9ritables professeurs de musique !<\/p>\n\n\n\n<h2 class=\"wp-block-heading\">La musique est un moteur d\u2019\u00e9mancipation<\/h2>\n\n\n\n<p>Fier et heureux de sa brillante id\u00e9e, il est venu nous l\u2019annoncer un soir de septembre, \u00e0 peine un mois apr\u00e8s notre arriv\u00e9e dans l&rsquo;Hexagone. Devant le fou rire de ma m\u00e8re, les yeux \u00e9carquill\u00e9s de mon fr\u00e8re et ma mine surprise, il se lan\u00e7a dans un vigoureux argumentaire m\u00ealant fiert\u00e9 nationale, luttes anticolonialistes et valeurs culturelles tout en finissant son discours par un formidable plaidoyer pour la musique en tant que moteur d\u2019\u00e9mancipation. Je tiens \u00e0 rappeler que mon p\u00e8re n\u2019a jamais tenu entre ses mains un instrument de musique ni chant\u00e9 de toute sa vie et que son discours aurait pu servir de mod\u00e8le pour un cours th\u00e9orique sur la langue de bois \u00e0 Science Po. Bref, vivant \u00e0 une \u00e9poque o\u00f9 un p\u00e8re avait droit de vie et de mort sur sa prog\u00e9niture, nous n\u2019avions pas d\u2019autre choix que d\u2019accepter sa d\u00e9cision et de prendre des cours de musique. Conscient de nous avoir forc\u00e9s ou pris de piti\u00e9, notre paternel nous laissa tout de m\u00eame choisir notre instrument et le regretta am\u00e8rement par la suite.<br><\/p>\n\n\n\n<p>En effet, tr\u00e8s t\u00f4t, mon fr\u00e8re avait d\u00e9velopp\u00e9 une aptitude exceptionnelle \u00e0 se transformer en facteur de risque pouvant provoquer une maladie cardiovasculaire aux membres de sa famille et surtout \u00e0 ses parents. Fid\u00e8le \u00e0 lui-m\u00eame et avec un haut niveau de perversit\u00e9, il prit exactement trois secondes pour dire \u00e0 mon p\u00e8re qu\u2019il souhaitait \u201cfaire de la contrebasse\u201d. En regardant mon papa, on a tout de suite compris qu\u2019il venait d\u2019apprendre l\u2019existence de cet instrument et qu\u2019il n\u2019avait aucune id\u00e9e de sa taille (entre 1,60 m et 2,05 m). Soulag\u00e9 de ne pas voir mon fr\u00e8re opter pour le piano ou la batterie, il valida son choix et se tourna vers moi pour savoir quel instrument je voulais apprendre.<br><\/p>\n\n\n\n<h2 class=\"wp-block-heading\">Mes premiers cours de guitare : un r\u00eave devenu r\u00e9alit\u00e9<\/h2>\n\n\n\n<p>Contrairement \u00e0 mon grand fr\u00e8re, adolescent turbulent et dot\u00e9 d\u2019un cerveau fonctionnant en mode binaire, j\u2019adorais la musique&#8230; toute la musique. J\u2019\u00e9tais donc au fond de moi impatient de prendre des cours et surtout d\u2019apprendre \u00e0 jouer de mon instrument pr\u00e9f\u00e9r\u00e9 : la guitare.<\/p>\n\n\n\n<p>\u00c0 peine \u00e2g\u00e9 d\u2019une dizaine d\u2019ann\u00e9es, je commen\u00e7ais \u00e0 d\u00e9couvrir la pop, le rock, mais aussi le flamenco, le blues et le jazz. Dot\u00e9, selon mes proches, d\u2019une oreille musicale exceptionnelle, je commen\u00e7ais assez jeune \u00e0 \u00e9toffer ma culture musicale en \u00e9coutant sur cassettes (K7 pour les plus jeunes) les tubes de l\u2019\u00e9poque et les classiques du disco ou du rock&rsquo;n&rsquo;roll.\u00a0<\/p>\n\n\n\n<p>\u00c0 cette \u00e9poque, je venais tout juste de d\u00e9couvrir deux groupes mythiques : Queen et Dire Straits. Plus j\u2019\u00e9coutais en boucle leurs albums, plus je tombais amoureux de leurs guitaristes et de leurs styles respectifs. Leader du groupe Dire Straits, Mark Knopfler \u00e9tait un droitier jouant comme un gaucher et avait un style a\u00e9rien blues-country-rock virtuose qui lui a permis de figurer dans le classement des trente meilleurs guitaristes de l\u2019histoire. Ses solos dans des morceaux comme Sultans of Swing ou Money for Nothing ont fait de moi un fan inconditionnel et j\u2019essayais tant bien que mal d\u2019imiter le mouvement de ses doigts devant la glace. Au-del\u00e0 de la voix et des prestations sc\u00e9niques l\u00e9gendaires de Freddie Mercury, ce fut surtout Brian May, le cofondateur et guitariste du groupe Queen, que j\u2019admirais le plus. Astrophysicien (oui, oui) et <em>Guitar Hero<\/em> par excellence, ce musicien, chanteur et auteur-compositeur m\u2019a tout simplement fait aimer la guitare comme jamais. Sa virtuosit\u00e9, sa technique, son g\u00e9nie m\u00e9lodique et sa l\u00e9gendaire <em>Red Special<\/em> (guitare unique au monde et faite maison) lui ont ouvert les portes de mon panth\u00e9on personnel de la musique.<br><\/p>\n\n\n\n<p>C\u2019est donc tout heureux et fier que j\u2019accompagnais mon p\u00e8re et mon fr\u00e8re pour nous rendre dans une de ces \u00e9coles de musique de quartier \u00e0 l\u2019ouverture des inscriptions. Pour de multiples raisons, ce fut un jour m\u00e9morable et sans doute l\u2019un des plus dr\u00f4les. D\u2019abord, mon p\u00e8re a eu l\u2019\u00e9norme privil\u00e8ge de d\u00e9couvrir la contrebasse et le mauvais tour jou\u00e9 par l\u2019a\u00een\u00e9 de ses fils. Il fut ainsi confront\u00e9 \u00e0 cet encombrant instrument de presque deux m\u00e8tres et une vingtaine de kilos, aux sons graves et incompatibles avec sa vision personnelle de la musique. Contraint de respecter ses engagements, il dut payer une caution pour prendre possession de nos instruments respectifs, nous inscrire et rentrer \u00e0 la maison tel un Sherpa tractant une lourde charge au bas de l\u2019Himalaya. Ce fut le programme de mon p\u00e8re durant plus de deux mois : nous accompagner, \u00e0 pied, les mercredis et les vendredis \u00e0 notre \u00e9cole de musique avec un instrument dans chaque bras.<\/p>\n\n\n\n<p><\/p>\n\n\n\n<p><\/p>\n\n\n\n<h2 class=\"wp-block-heading\">Comment utiliser une contrebasse pour jouer des percussions orientales ?<\/h2>\n\n\n\n<p>Au bout de trois semaines, on avait l\u2019impression qu\u2019il prenait des st\u00e9ro\u00efdes au petit d\u00e9jeuner. Il avait d\u00e9velopp\u00e9 une musculature imposante sans se douter que son calvaire allait prendre une tout autre dimension. Car en plus d&rsquo;\u00eatre une b\u00eate de somme pour ses deux rejetons, notre p\u00e8re eut \u00e0 subir les nombreuses r\u00e9p\u00e9titions et exercices de musique que nous faisions chaque soir \u00e0 la maison. Quand vous avez deux adolescents d\u00e9butants en musique, dont l\u2019un est un cancre absolu, il ne fait aucun doute que la crise de nerfs n\u2019est pas loin. Impossible pour mon p\u00e8re de nous demander d&rsquo;arr\u00eater, puisque nous tentions de nous int\u00e9grer par la musique, mais sa patience fut mise \u00e0 rude \u00e9preuve, car mon fr\u00e8re avec une contrebasse, c\u2019\u00e9tait un spectacle exceptionnel. D\u00e9laissant son archet, il \u201cjouait\u201d en utilisant la technique du pizzicato qui consiste \u00e0 pincer les cordes avec ses doigts comme le font les artistes de jazz. Si visuellement cela pouvait pr\u00eater \u00e0 confusion, au niveau du son et de la m\u00e9lodie c\u2019\u00e9tait tout simplement un massacre. Au grand d\u00e9sespoir de mon p\u00e8re, il lui arrivait m\u00eame de poser sa contrebasse sur les genoux et de s\u2019en servir comme tambour pour jouer quelques percussions bien orientales.<br><\/p>\n\n\n\n<p>Lessiv\u00e9, \u00e9puis\u00e9 et disposant d\u2019un nouveau gabarit musculaire assez impressionnant, il nous r\u00e9unit quelques semaines plus tard pour admettre, du bout des l\u00e8vres, que ce fut une monumentale erreur. Soulagement pour mon fr\u00e8re, mais grosse d\u00e9ception pour le guitariste d\u00e9butant que j\u2019\u00e9tais. J\u2019ai pu heureusement suivre des cours de guitare plus tard et reprendre ma passion tout en gardant un tendre souvenir de mes premiers cours de musique et des efforts de notre p\u00e8re.<\/p>\n\n\n\n<p><\/p>\n\n\n\n<p><strong>Cet article \u00e9voque pour vous de nombreux souvenirs ou de croustillantes anecdotes sur vos premiers cours de guitare\u00a0?<\/strong><\/p>\n\n\n\n<p><strong>N&rsquo;h\u00e9sitez pas : racontez-nous vos histoires et partagez vos aventures et vos souvenirs avec Apprentus !<\/strong><br><\/p>\n\n\n<div style=\"width:88px;height:31px\"><a href=\"http:\/\/www.easyzic.com\/\" target=\"_blank\" rel=\"noopener noreferrer\"><img decoding=\"async\" src=\"http:\/\/easyzik.free.fr\/gifs\/bannieres\/autres.php?t=88x16\" width=\"88\" height=\"16\" style=\"border:0\" alt=\"EasyZic : Annonces musique, mp3 gratuits, annuaire, concerts...\" title=\"EasyZic : Annonces musique, mp3 gratuits, annuaire, concerts...\"><\/a>Passer une <a href=\"http:\/\/www.easyzic.com\/annonces-musique\/\" target=\"_blank\" style=\"color:#bf3834\" rel=\"noopener noreferrer\">annonce musique<\/a> \/ <a href=\"http:\/\/www.easyzic.com\/annonces-musique\/groupes-musiciens\/\" target=\"_blank\" style=\"color:#bf3834\" rel=\"noopener noreferrer\">annonce musicien<\/a>, t\u00e9l\u00e9charger une <a href=\"http:\/\/www.easyzic.com\/partitions-tablatures\/\" target=\"_blank\" style=\"color:#bf3834\" rel=\"noopener noreferrer\">tablature<\/a> \/ <a href=\"http:\/\/www.easyzic.com\/partitions-tablatures\/\" target=\"_blank\" style=\"color:#bf3834\" rel=\"noopener noreferrer\">partition gratuite<\/a>, lire les <a href=\"http:\/\/www.easyzic.com\/avis-comparatifs\/\" target=\"_blank\" style=\"color:#bf3834\" rel=\"noopener noreferrer\">avis et tests d&rsquo;instrument<\/a>, \u00e9couter de la <a href=\"http:\/\/www.easyzic.com\/mp3-gratuits\/\" target=\"_blank\" style=\"color:#bf3834\" rel=\"noopener noreferrer\">musique gratuite<\/a>, consulter le <a href=\"http:\/\/www.easyzic.com\/forums-musique\/\" target=\"_blank\" style=\"color:#bf3834\" rel=\"noopener noreferrer\">forum musique<\/a>, annoncer un <a href=\"http:\/\/www.easyzic.com\/dates-de-concerts\/\" target=\"_blank\" style=\"color:#bf3834\" rel=\"noopener noreferrer\">concert<\/a> dans l&rsquo;agenda, et bien plus encore ! &#8230;<\/div>","protected":false},"excerpt":{"rendered":"<p>Les fameux cours de guitare, tous les mercredis et vendredis, seront \u00e0 tout jamais grav\u00e9s dans notre m\u00e9moire et surtout dans celle de mon p\u00e8re. Des souvenirs charg\u00e9s d\u2019\u00e9motions et surtout des fous rires \u00e9normes quand on en reparle entre nous. Nous venions de nous installer en France et mon p\u00e8re, par souci d\u2019int\u00e9gration, souhaitait vivement adopter le \u201cmode de vie local\u201d. Nous \u00e9tions donc aux anges, mon fr\u00e8re et moi, impatients de go\u00fbter aux traditions locales telles que ce sublime terrain de football avec du vrai gazon ou ces magnifiques jeunes filles aux cheveux si blonds. Mais pour mon papa, adopter le mode de vie local avait un tout autre sens que celui imagin\u00e9 par deux adolescents boutonneux fans de foot et de filles. Pour faire plus \u201cfran\u00e7ais\u201d, mon p\u00e8re avait eu la lumineuse id\u00e9e de nous inscrire \u00e0 des cours de musique, dans une v\u00e9ritable \u00e9cole de musique et avec de v\u00e9ritables professeurs de musique ! La musique est un moteur d\u2019\u00e9mancipation Fier et heureux de sa brillante id\u00e9e, il est venu nous l\u2019annoncer un soir de septembre, \u00e0 peine un mois apr\u00e8s notre arriv\u00e9e dans l&rsquo;Hexagone. Devant le fou rire de ma m\u00e8re, les yeux \u00e9carquill\u00e9s de<a href=\"https:\/\/www.apprentus.fr\/blog\/cours-de-guitare-quand-lintegration-se-fait-par-la-musique\/\" class=\"more_link more_link_dots\"> &hellip; <\/a><\/p>\n","protected":false},"author":7,"featured_media":0,"comment_status":"open","ping_status":"open","sticky":false,"template":"","format":"standard","meta":{"_exactmetrics_skip_tracking":false,"_exactmetrics_sitenote_active":false,"_exactmetrics_sitenote_note":"","_exactmetrics_sitenote_category":0,"_monsterinsights_skip_tracking":false,"_monsterinsights_sitenote_active":false,"_monsterinsights_sitenote_note":"","_monsterinsights_sitenote_category":0,"footnotes":""},"categories":[2,8],"tags":[],"class_list":["post-207","post","type-post","status-publish","format-standard","hentry","category-cours-musique","category-cours-particulier"],"yoast_head":"<!-- This site is optimized with the Yoast SEO plugin v27.5 - https:\/\/yoast.com\/product\/yoast-seo-wordpress\/ -->\n<title>Cours de guitare : quand l\u2019int\u00e9gration se fait par la musique - Apprentus France<\/title>\n<meta name=\"robots\" content=\"index, follow, max-snippet:-1, max-image-preview:large, max-video-preview:-1\" \/>\n<link rel=\"canonical\" href=\"https:\/\/www.apprentus.fr\/blog\/cours-de-guitare-quand-lintegration-se-fait-par-la-musique\/\" \/>\n<meta property=\"og:locale\" content=\"fr_FR\" \/>\n<meta property=\"og:type\" content=\"article\" \/>\n<meta property=\"og:title\" content=\"Cours de guitare : quand l\u2019int\u00e9gration se fait par la musique - Apprentus France\" \/>\n<meta property=\"og:description\" content=\"Les fameux cours de guitare, tous les mercredis et vendredis, seront \u00e0 tout jamais grav\u00e9s dans notre m\u00e9moire et surtout dans celle de mon p\u00e8re. Des souvenirs charg\u00e9s d\u2019\u00e9motions et surtout des fous rires \u00e9normes quand on en reparle entre nous. Nous venions de nous installer en France et mon p\u00e8re, par souci d\u2019int\u00e9gration, souhaitait vivement adopter le \u201cmode de vie local\u201d. Nous \u00e9tions donc aux anges, mon fr\u00e8re et moi, impatients de go\u00fbter aux traditions locales telles que ce sublime terrain de football avec du vrai gazon ou ces magnifiques jeunes filles aux cheveux si blonds. Mais pour mon papa, adopter le mode de vie local avait un tout autre sens que celui imagin\u00e9 par deux adolescents boutonneux fans de foot et de filles. Pour faire plus \u201cfran\u00e7ais\u201d, mon p\u00e8re avait eu la lumineuse id\u00e9e de nous inscrire \u00e0 des cours de musique, dans une v\u00e9ritable \u00e9cole de musique et avec de v\u00e9ritables professeurs de musique ! La musique est un moteur d\u2019\u00e9mancipation Fier et heureux de sa brillante id\u00e9e, il est venu nous l\u2019annoncer un soir de septembre, \u00e0 peine un mois apr\u00e8s notre arriv\u00e9e dans l&rsquo;Hexagone. Devant le fou rire de ma m\u00e8re, les yeux \u00e9carquill\u00e9s de &hellip;\" \/>\n<meta property=\"og:url\" content=\"https:\/\/www.apprentus.fr\/blog\/cours-de-guitare-quand-lintegration-se-fait-par-la-musique\/\" \/>\n<meta property=\"og:site_name\" content=\"Apprentus France\" \/>\n<meta property=\"article:published_time\" content=\"2019-12-27T10:42:27+00:00\" \/>\n<meta property=\"article:modified_time\" content=\"2025-07-22T08:41:51+00:00\" \/>\n<meta property=\"og:image\" content=\"https:\/\/www.apprentus.fr\/blog\/wp-content\/uploads\/sites\/4\/2019\/12\/cours-de-guitare-1024x682.jpg\" \/>\n<meta name=\"author\" content=\"Apprentus\" \/>\n<meta name=\"twitter:card\" content=\"summary_large_image\" \/>\n<meta name=\"twitter:creator\" content=\"@Apprentus\" \/>\n<meta name=\"twitter:site\" content=\"@Apprentus\" \/>\n<meta name=\"twitter:label1\" content=\"\u00c9crit par\" \/>\n\t<meta name=\"twitter:data1\" content=\"Apprentus\" \/>\n\t<meta name=\"twitter:label2\" content=\"Dur\u00e9e de lecture estim\u00e9e\" \/>\n\t<meta name=\"twitter:data2\" content=\"7 minutes\" \/>\n<script type=\"application\/ld+json\" class=\"yoast-schema-graph\">{\"@context\":\"https:\\\/\\\/schema.org\",\"@graph\":[{\"@type\":\"Article\",\"@id\":\"https:\\\/\\\/www.apprentus.fr\\\/blog\\\/cours-de-guitare-quand-lintegration-se-fait-par-la-musique\\\/#article\",\"isPartOf\":{\"@id\":\"https:\\\/\\\/www.apprentus.fr\\\/blog\\\/cours-de-guitare-quand-lintegration-se-fait-par-la-musique\\\/\"},\"author\":{\"name\":\"Apprentus\",\"@id\":\"https:\\\/\\\/www.apprentus.fr\\\/blog\\\/#\\\/schema\\\/person\\\/1b30658ca1a8d96e34fc6e21f48df1c3\"},\"headline\":\"Cours de guitare : quand l\u2019int\u00e9gration se fait par la musique\",\"datePublished\":\"2019-12-27T10:42:27+00:00\",\"dateModified\":\"2025-07-22T08:41:51+00:00\",\"mainEntityOfPage\":{\"@id\":\"https:\\\/\\\/www.apprentus.fr\\\/blog\\\/cours-de-guitare-quand-lintegration-se-fait-par-la-musique\\\/\"},\"wordCount\":1408,\"commentCount\":0,\"publisher\":{\"@id\":\"https:\\\/\\\/www.apprentus.fr\\\/blog\\\/#organization\"},\"image\":{\"@id\":\"https:\\\/\\\/www.apprentus.fr\\\/blog\\\/cours-de-guitare-quand-lintegration-se-fait-par-la-musique\\\/#primaryimage\"},\"thumbnailUrl\":\"https:\\\/\\\/www.apprentus.fr\\\/blog\\\/wp-content\\\/uploads\\\/sites\\\/4\\\/2019\\\/12\\\/cours-de-guitare-1024x682.jpg\",\"articleSection\":[\"Cours de Musique\",\"Cours Particuliers\"],\"inLanguage\":\"fr-FR\",\"potentialAction\":[{\"@type\":\"CommentAction\",\"name\":\"Comment\",\"target\":[\"https:\\\/\\\/www.apprentus.fr\\\/blog\\\/cours-de-guitare-quand-lintegration-se-fait-par-la-musique\\\/#respond\"]}]},{\"@type\":\"WebPage\",\"@id\":\"https:\\\/\\\/www.apprentus.fr\\\/blog\\\/cours-de-guitare-quand-lintegration-se-fait-par-la-musique\\\/\",\"url\":\"https:\\\/\\\/www.apprentus.fr\\\/blog\\\/cours-de-guitare-quand-lintegration-se-fait-par-la-musique\\\/\",\"name\":\"Cours de guitare : quand l\u2019int\u00e9gration se fait par la musique - Apprentus France\",\"isPartOf\":{\"@id\":\"https:\\\/\\\/www.apprentus.fr\\\/blog\\\/#website\"},\"primaryImageOfPage\":{\"@id\":\"https:\\\/\\\/www.apprentus.fr\\\/blog\\\/cours-de-guitare-quand-lintegration-se-fait-par-la-musique\\\/#primaryimage\"},\"image\":{\"@id\":\"https:\\\/\\\/www.apprentus.fr\\\/blog\\\/cours-de-guitare-quand-lintegration-se-fait-par-la-musique\\\/#primaryimage\"},\"thumbnailUrl\":\"https:\\\/\\\/www.apprentus.fr\\\/blog\\\/wp-content\\\/uploads\\\/sites\\\/4\\\/2019\\\/12\\\/cours-de-guitare-1024x682.jpg\",\"datePublished\":\"2019-12-27T10:42:27+00:00\",\"dateModified\":\"2025-07-22T08:41:51+00:00\",\"breadcrumb\":{\"@id\":\"https:\\\/\\\/www.apprentus.fr\\\/blog\\\/cours-de-guitare-quand-lintegration-se-fait-par-la-musique\\\/#breadcrumb\"},\"inLanguage\":\"fr-FR\",\"potentialAction\":[{\"@type\":\"ReadAction\",\"target\":[\"https:\\\/\\\/www.apprentus.fr\\\/blog\\\/cours-de-guitare-quand-lintegration-se-fait-par-la-musique\\\/\"]}]},{\"@type\":\"ImageObject\",\"inLanguage\":\"fr-FR\",\"@id\":\"https:\\\/\\\/www.apprentus.fr\\\/blog\\\/cours-de-guitare-quand-lintegration-se-fait-par-la-musique\\\/#primaryimage\",\"url\":\"https:\\\/\\\/www.apprentus.fr\\\/blog\\\/wp-content\\\/uploads\\\/sites\\\/4\\\/2019\\\/12\\\/cours-de-guitare.jpg\",\"contentUrl\":\"https:\\\/\\\/www.apprentus.fr\\\/blog\\\/wp-content\\\/uploads\\\/sites\\\/4\\\/2019\\\/12\\\/cours-de-guitare.jpg\",\"width\":1198,\"height\":798},{\"@type\":\"BreadcrumbList\",\"@id\":\"https:\\\/\\\/www.apprentus.fr\\\/blog\\\/cours-de-guitare-quand-lintegration-se-fait-par-la-musique\\\/#breadcrumb\",\"itemListElement\":[{\"@type\":\"ListItem\",\"position\":1,\"name\":\"Home\",\"item\":\"https:\\\/\\\/www.apprentus.fr\\\/blog\\\/\"},{\"@type\":\"ListItem\",\"position\":2,\"name\":\"Cours de guitare : quand l\u2019int\u00e9gration se fait par la musique\"}]},{\"@type\":\"WebSite\",\"@id\":\"https:\\\/\\\/www.apprentus.fr\\\/blog\\\/#website\",\"url\":\"https:\\\/\\\/www.apprentus.fr\\\/blog\\\/\",\"name\":\"Apprentus France\",\"description\":\"Apprentus France\",\"publisher\":{\"@id\":\"https:\\\/\\\/www.apprentus.fr\\\/blog\\\/#organization\"},\"potentialAction\":[{\"@type\":\"SearchAction\",\"target\":{\"@type\":\"EntryPoint\",\"urlTemplate\":\"https:\\\/\\\/www.apprentus.fr\\\/blog\\\/?s={search_term_string}\"},\"query-input\":{\"@type\":\"PropertyValueSpecification\",\"valueRequired\":true,\"valueName\":\"search_term_string\"}}],\"inLanguage\":\"fr-FR\"},{\"@type\":\"Organization\",\"@id\":\"https:\\\/\\\/www.apprentus.fr\\\/blog\\\/#organization\",\"name\":\"Apprentus\",\"url\":\"https:\\\/\\\/www.apprentus.fr\\\/blog\\\/\",\"logo\":{\"@type\":\"ImageObject\",\"inLanguage\":\"fr-FR\",\"@id\":\"https:\\\/\\\/www.apprentus.fr\\\/blog\\\/#\\\/schema\\\/logo\\\/image\\\/\",\"url\":\"https:\\\/\\\/www.apprentus.fr\\\/blog\\\/wp-content\\\/uploads\\\/sites\\\/4\\\/2021\\\/12\\\/apprentus.png\",\"contentUrl\":\"https:\\\/\\\/www.apprentus.fr\\\/blog\\\/wp-content\\\/uploads\\\/sites\\\/4\\\/2021\\\/12\\\/apprentus.png\",\"width\":1200,\"height\":257,\"caption\":\"Apprentus\"},\"image\":{\"@id\":\"https:\\\/\\\/www.apprentus.fr\\\/blog\\\/#\\\/schema\\\/logo\\\/image\\\/\"},\"sameAs\":[\"https:\\\/\\\/x.com\\\/Apprentus\"]},{\"@type\":\"Person\",\"@id\":\"https:\\\/\\\/www.apprentus.fr\\\/blog\\\/#\\\/schema\\\/person\\\/1b30658ca1a8d96e34fc6e21f48df1c3\",\"name\":\"Apprentus\",\"image\":{\"@type\":\"ImageObject\",\"inLanguage\":\"fr-FR\",\"@id\":\"https:\\\/\\\/secure.gravatar.com\\\/avatar\\\/0bff079303a62415aa2927a1603a5fc57f3ad0d4b5e4ee69f7253a691eb447fc?s=96&d=mm&r=g\",\"url\":\"https:\\\/\\\/secure.gravatar.com\\\/avatar\\\/0bff079303a62415aa2927a1603a5fc57f3ad0d4b5e4ee69f7253a691eb447fc?s=96&d=mm&r=g\",\"contentUrl\":\"https:\\\/\\\/secure.gravatar.com\\\/avatar\\\/0bff079303a62415aa2927a1603a5fc57f3ad0d4b5e4ee69f7253a691eb447fc?s=96&d=mm&r=g\",\"caption\":\"Apprentus\"},\"url\":\"https:\\\/\\\/www.apprentus.fr\\\/blog\\\/author\\\/adel\\\/\"}]}<\/script>\n<!-- \/ Yoast SEO plugin. -->","yoast_head_json":{"title":"Cours de guitare : quand l\u2019int\u00e9gration se fait par la musique - Apprentus France","robots":{"index":"index","follow":"follow","max-snippet":"max-snippet:-1","max-image-preview":"max-image-preview:large","max-video-preview":"max-video-preview:-1"},"canonical":"https:\/\/www.apprentus.fr\/blog\/cours-de-guitare-quand-lintegration-se-fait-par-la-musique\/","og_locale":"fr_FR","og_type":"article","og_title":"Cours de guitare : quand l\u2019int\u00e9gration se fait par la musique - Apprentus France","og_description":"Les fameux cours de guitare, tous les mercredis et vendredis, seront \u00e0 tout jamais grav\u00e9s dans notre m\u00e9moire et surtout dans celle de mon p\u00e8re. Des souvenirs charg\u00e9s d\u2019\u00e9motions et surtout des fous rires \u00e9normes quand on en reparle entre nous. Nous venions de nous installer en France et mon p\u00e8re, par souci d\u2019int\u00e9gration, souhaitait vivement adopter le \u201cmode de vie local\u201d. Nous \u00e9tions donc aux anges, mon fr\u00e8re et moi, impatients de go\u00fbter aux traditions locales telles que ce sublime terrain de football avec du vrai gazon ou ces magnifiques jeunes filles aux cheveux si blonds. Mais pour mon papa, adopter le mode de vie local avait un tout autre sens que celui imagin\u00e9 par deux adolescents boutonneux fans de foot et de filles. Pour faire plus \u201cfran\u00e7ais\u201d, mon p\u00e8re avait eu la lumineuse id\u00e9e de nous inscrire \u00e0 des cours de musique, dans une v\u00e9ritable \u00e9cole de musique et avec de v\u00e9ritables professeurs de musique ! La musique est un moteur d\u2019\u00e9mancipation Fier et heureux de sa brillante id\u00e9e, il est venu nous l\u2019annoncer un soir de septembre, \u00e0 peine un mois apr\u00e8s notre arriv\u00e9e dans l&rsquo;Hexagone. Devant le fou rire de ma m\u00e8re, les yeux \u00e9carquill\u00e9s de &hellip;","og_url":"https:\/\/www.apprentus.fr\/blog\/cours-de-guitare-quand-lintegration-se-fait-par-la-musique\/","og_site_name":"Apprentus France","article_published_time":"2019-12-27T10:42:27+00:00","article_modified_time":"2025-07-22T08:41:51+00:00","og_image":[{"url":"https:\/\/www.apprentus.fr\/blog\/wp-content\/uploads\/sites\/4\/2019\/12\/cours-de-guitare-1024x682.jpg","type":"","width":"","height":""}],"author":"Apprentus","twitter_card":"summary_large_image","twitter_creator":"@Apprentus","twitter_site":"@Apprentus","twitter_misc":{"\u00c9crit par":"Apprentus","Dur\u00e9e de lecture estim\u00e9e":"7 minutes"},"schema":{"@context":"https:\/\/schema.org","@graph":[{"@type":"Article","@id":"https:\/\/www.apprentus.fr\/blog\/cours-de-guitare-quand-lintegration-se-fait-par-la-musique\/#article","isPartOf":{"@id":"https:\/\/www.apprentus.fr\/blog\/cours-de-guitare-quand-lintegration-se-fait-par-la-musique\/"},"author":{"name":"Apprentus","@id":"https:\/\/www.apprentus.fr\/blog\/#\/schema\/person\/1b30658ca1a8d96e34fc6e21f48df1c3"},"headline":"Cours de guitare : quand l\u2019int\u00e9gration se fait par la musique","datePublished":"2019-12-27T10:42:27+00:00","dateModified":"2025-07-22T08:41:51+00:00","mainEntityOfPage":{"@id":"https:\/\/www.apprentus.fr\/blog\/cours-de-guitare-quand-lintegration-se-fait-par-la-musique\/"},"wordCount":1408,"commentCount":0,"publisher":{"@id":"https:\/\/www.apprentus.fr\/blog\/#organization"},"image":{"@id":"https:\/\/www.apprentus.fr\/blog\/cours-de-guitare-quand-lintegration-se-fait-par-la-musique\/#primaryimage"},"thumbnailUrl":"https:\/\/www.apprentus.fr\/blog\/wp-content\/uploads\/sites\/4\/2019\/12\/cours-de-guitare-1024x682.jpg","articleSection":["Cours de Musique","Cours Particuliers"],"inLanguage":"fr-FR","potentialAction":[{"@type":"CommentAction","name":"Comment","target":["https:\/\/www.apprentus.fr\/blog\/cours-de-guitare-quand-lintegration-se-fait-par-la-musique\/#respond"]}]},{"@type":"WebPage","@id":"https:\/\/www.apprentus.fr\/blog\/cours-de-guitare-quand-lintegration-se-fait-par-la-musique\/","url":"https:\/\/www.apprentus.fr\/blog\/cours-de-guitare-quand-lintegration-se-fait-par-la-musique\/","name":"Cours de guitare : quand l\u2019int\u00e9gration se fait par la musique - Apprentus France","isPartOf":{"@id":"https:\/\/www.apprentus.fr\/blog\/#website"},"primaryImageOfPage":{"@id":"https:\/\/www.apprentus.fr\/blog\/cours-de-guitare-quand-lintegration-se-fait-par-la-musique\/#primaryimage"},"image":{"@id":"https:\/\/www.apprentus.fr\/blog\/cours-de-guitare-quand-lintegration-se-fait-par-la-musique\/#primaryimage"},"thumbnailUrl":"https:\/\/www.apprentus.fr\/blog\/wp-content\/uploads\/sites\/4\/2019\/12\/cours-de-guitare-1024x682.jpg","datePublished":"2019-12-27T10:42:27+00:00","dateModified":"2025-07-22T08:41:51+00:00","breadcrumb":{"@id":"https:\/\/www.apprentus.fr\/blog\/cours-de-guitare-quand-lintegration-se-fait-par-la-musique\/#breadcrumb"},"inLanguage":"fr-FR","potentialAction":[{"@type":"ReadAction","target":["https:\/\/www.apprentus.fr\/blog\/cours-de-guitare-quand-lintegration-se-fait-par-la-musique\/"]}]},{"@type":"ImageObject","inLanguage":"fr-FR","@id":"https:\/\/www.apprentus.fr\/blog\/cours-de-guitare-quand-lintegration-se-fait-par-la-musique\/#primaryimage","url":"https:\/\/www.apprentus.fr\/blog\/wp-content\/uploads\/sites\/4\/2019\/12\/cours-de-guitare.jpg","contentUrl":"https:\/\/www.apprentus.fr\/blog\/wp-content\/uploads\/sites\/4\/2019\/12\/cours-de-guitare.jpg","width":1198,"height":798},{"@type":"BreadcrumbList","@id":"https:\/\/www.apprentus.fr\/blog\/cours-de-guitare-quand-lintegration-se-fait-par-la-musique\/#breadcrumb","itemListElement":[{"@type":"ListItem","position":1,"name":"Home","item":"https:\/\/www.apprentus.fr\/blog\/"},{"@type":"ListItem","position":2,"name":"Cours de guitare : quand l\u2019int\u00e9gration se fait par la musique"}]},{"@type":"WebSite","@id":"https:\/\/www.apprentus.fr\/blog\/#website","url":"https:\/\/www.apprentus.fr\/blog\/","name":"Apprentus France","description":"Apprentus France","publisher":{"@id":"https:\/\/www.apprentus.fr\/blog\/#organization"},"potentialAction":[{"@type":"SearchAction","target":{"@type":"EntryPoint","urlTemplate":"https:\/\/www.apprentus.fr\/blog\/?s={search_term_string}"},"query-input":{"@type":"PropertyValueSpecification","valueRequired":true,"valueName":"search_term_string"}}],"inLanguage":"fr-FR"},{"@type":"Organization","@id":"https:\/\/www.apprentus.fr\/blog\/#organization","name":"Apprentus","url":"https:\/\/www.apprentus.fr\/blog\/","logo":{"@type":"ImageObject","inLanguage":"fr-FR","@id":"https:\/\/www.apprentus.fr\/blog\/#\/schema\/logo\/image\/","url":"https:\/\/www.apprentus.fr\/blog\/wp-content\/uploads\/sites\/4\/2021\/12\/apprentus.png","contentUrl":"https:\/\/www.apprentus.fr\/blog\/wp-content\/uploads\/sites\/4\/2021\/12\/apprentus.png","width":1200,"height":257,"caption":"Apprentus"},"image":{"@id":"https:\/\/www.apprentus.fr\/blog\/#\/schema\/logo\/image\/"},"sameAs":["https:\/\/x.com\/Apprentus"]},{"@type":"Person","@id":"https:\/\/www.apprentus.fr\/blog\/#\/schema\/person\/1b30658ca1a8d96e34fc6e21f48df1c3","name":"Apprentus","image":{"@type":"ImageObject","inLanguage":"fr-FR","@id":"https:\/\/secure.gravatar.com\/avatar\/0bff079303a62415aa2927a1603a5fc57f3ad0d4b5e4ee69f7253a691eb447fc?s=96&d=mm&r=g","url":"https:\/\/secure.gravatar.com\/avatar\/0bff079303a62415aa2927a1603a5fc57f3ad0d4b5e4ee69f7253a691eb447fc?s=96&d=mm&r=g","contentUrl":"https:\/\/secure.gravatar.com\/avatar\/0bff079303a62415aa2927a1603a5fc57f3ad0d4b5e4ee69f7253a691eb447fc?s=96&d=mm&r=g","caption":"Apprentus"},"url":"https:\/\/www.apprentus.fr\/blog\/author\/adel\/"}]}},"_links":{"self":[{"href":"https:\/\/www.apprentus.fr\/blog\/wp-json\/wp\/v2\/posts\/207","targetHints":{"allow":["GET"]}}],"collection":[{"href":"https:\/\/www.apprentus.fr\/blog\/wp-json\/wp\/v2\/posts"}],"about":[{"href":"https:\/\/www.apprentus.fr\/blog\/wp-json\/wp\/v2\/types\/post"}],"author":[{"embeddable":true,"href":"https:\/\/www.apprentus.fr\/blog\/wp-json\/wp\/v2\/users\/7"}],"replies":[{"embeddable":true,"href":"https:\/\/www.apprentus.fr\/blog\/wp-json\/wp\/v2\/comments?post=207"}],"version-history":[{"count":5,"href":"https:\/\/www.apprentus.fr\/blog\/wp-json\/wp\/v2\/posts\/207\/revisions"}],"predecessor-version":[{"id":2672,"href":"https:\/\/www.apprentus.fr\/blog\/wp-json\/wp\/v2\/posts\/207\/revisions\/2672"}],"wp:attachment":[{"href":"https:\/\/www.apprentus.fr\/blog\/wp-json\/wp\/v2\/media?parent=207"}],"wp:term":[{"taxonomy":"category","embeddable":true,"href":"https:\/\/www.apprentus.fr\/blog\/wp-json\/wp\/v2\/categories?post=207"},{"taxonomy":"post_tag","embeddable":true,"href":"https:\/\/www.apprentus.fr\/blog\/wp-json\/wp\/v2\/tags?post=207"}],"curies":[{"name":"wp","href":"https:\/\/api.w.org\/{rel}","templated":true}]}}