{"id":665,"date":"2021-06-11T12:37:54","date_gmt":"2021-06-11T12:37:54","guid":{"rendered":"https:\/\/www.apprentus.fr\/blog\/?p=665"},"modified":"2025-07-22T10:44:31","modified_gmt":"2025-07-22T10:44:31","slug":"le-point-de-vue","status":"publish","type":"post","link":"https:\/\/www.apprentus.fr\/blog\/le-point-de-vue\/","title":{"rendered":"Le point de vue"},"content":{"rendered":"\n<figure class=\"wp-block-image size-large\"><img fetchpriority=\"high\" decoding=\"async\" width=\"1024\" height=\"683\" src=\"https:\/\/www.apprentus.fr\/blog\/wp-content\/uploads\/sites\/4\/2021\/06\/lens-1209823_1280-100675509-large-1024x683.jpg\" alt=\"\" class=\"wp-image-670\" srcset=\"https:\/\/www.apprentus.fr\/blog\/wp-content\/uploads\/sites\/4\/2021\/06\/lens-1209823_1280-100675509-large-1024x683.jpg 1024w, https:\/\/www.apprentus.fr\/blog\/wp-content\/uploads\/sites\/4\/2021\/06\/lens-1209823_1280-100675509-large-300x200.jpg 300w, https:\/\/www.apprentus.fr\/blog\/wp-content\/uploads\/sites\/4\/2021\/06\/lens-1209823_1280-100675509-large-768x512.jpg 768w, https:\/\/www.apprentus.fr\/blog\/wp-content\/uploads\/sites\/4\/2021\/06\/lens-1209823_1280-100675509-large-600x400.jpg 600w, https:\/\/www.apprentus.fr\/blog\/wp-content\/uploads\/sites\/4\/2021\/06\/lens-1209823_1280-100675509-large-455x303.jpg 455w, https:\/\/www.apprentus.fr\/blog\/wp-content\/uploads\/sites\/4\/2021\/06\/lens-1209823_1280-100675509-large-267x178.jpg 267w, https:\/\/www.apprentus.fr\/blog\/wp-content\/uploads\/sites\/4\/2021\/06\/lens-1209823_1280-100675509-large.jpg 1200w\" sizes=\"(max-width: 1024px) 100vw, 1024px\" \/><\/figure>\n\n\n\n<p style=\"font-size:22px\">Pour raconter une histoire, un narrateur peut opter pour 3 points de vue diff\u00e9rents. Il pourra ainsi exprimer sa vision par rapport \u00e0 sa propre perception de l\u2019histoire.<\/p>\n\n\n\n<h2 class=\"wp-block-heading\"><span class=\"has-inline-color has-vivid-green-cyan-color\">\u200b1. Point de vue omniscient<\/span><\/h2>\n\n\n\n<p class=\"has-medium-font-size\"><strong>Le narrateur conna\u00eet<\/strong> les <strong>pens\u00e9es<\/strong>, les <strong>sentiments<\/strong>, les <strong>opinions<\/strong> <strong>de tous les personnages<\/strong> et les relations qui les relient. De plus, il peut <strong>se d\u00e9placer dans l\u2019espace et dans le temps<\/strong>. Cette vision lui permet de <strong>tout comprendre de la r\u00e9alit\u00e9 qu\u2019il d\u00e9crit<\/strong>. Il en sait plus que les personnages eux-m\u00eames.<\/p>\n\n\n\n<blockquote class=\"wp-block-quote is-style-default is-layout-flow wp-block-quote-is-layout-flow\">\n<p>En secouant la t\u00eate, elle caressa le visage d\u00e9fait de Dolfi. Le gar\u00e7on leva les yeux, reconnaissant ; il essaya de sourire, et une sorte de lumi\u00e8re \u00e9claira un bref instant son visage p\u00e2le. Il y avait toujours l\u2019am\u00e8re solitude d\u2019une cr\u00e9ature fragile, innocente, humili\u00e9e, sans d\u00e9fense\u2009; le d\u00e9sir d\u00e9sesp\u00e9r\u00e9 d\u2019un peu de consolation\u2009; un sentiment pur, douloureux et tr\u00e8s beau qu\u2019il \u00e9tait impossible de d\u00e9finir. Pendant un instant \u2013 et ce fut la derni\u00e8re fois \u2013 il fut un petit gar\u00e7on doux, tendre et malheureux, qui ne comprenait pas et demandait au monde environnant un peu de bont\u00e9.\u2009<\/p>\n<cite>Dino BUZZATI, \u201cPauvre petit gar\u00e7on\u2009!\u201d, 1966.<\/cite><\/blockquote>\n\n\n\n<h2 class=\"wp-block-heading\"><span class=\"has-inline-color has-vivid-green-cyan-color\">2. Point de vue interne<\/span><\/h2>\n\n\n\n<p class=\"has-medium-font-size\">Le narrateur <strong>voit les actions<\/strong> et les \u00e9l\u00e9ments de l\u2019histoire <strong>\u00e0 travers les yeux des personnages<\/strong>. Par cons\u00e9quent, <strong>sa compr\u00e9hension de l\u2019histoire est limit\u00e9e<\/strong> \u00e0 ce que le personnage voit, entend ou ressent. Il peut faire r\u00e9f\u00e9rence au pass\u00e9 et au pr\u00e9sent. <strong>Le narrateur en sait autant que les personnages<\/strong>.<\/p>\n\n\n\n<blockquote class=\"wp-block-quote has-text-align-left is-style-default is-layout-flow wp-block-quote-is-layout-flow\">\n<p>Jacques remonte sur son cheval et fend la presse qui s\u2019\u00e9tait faite \u00e0 l\u2019entr\u00e9e de la maison du magistrat\u2009; mais, comme il souffrait avec peine que tant de gens le prissent pour un fripon, il affecta de tirer la montre de sa poche et de regarder l\u2019heure qu\u2019il \u00e9tait\u2009; puis il piqua des deux son cheval.\u2009<\/p>\n<cite>Denis Diderot, Jacques le Fataliste et son ma\u00eetre, 1796.<\/cite><\/blockquote>\n\n\n\n<h2 class=\"wp-block-heading\"><span class=\"has-inline-color has-vivid-green-cyan-color\">3. Point de vue externe<\/span><\/h2>\n\n\n\n<p class=\"has-medium-font-size\"><strong>Le narrateur est un observateur externe<\/strong> et nous <strong>raconte le d\u00e9roul\u00e9 des \u00e9v\u00e9nements<\/strong> sans conna\u00eetre l\u2019intimit\u00e9 des personnages. <strong>Il rapporte <\/strong>aussi fid\u00e8lement que possible et de fa\u00e7on objective <strong>ce qu\u2019il voit sous ses yeux<\/strong>. <strong>Il a moins d\u2019informations que les personnages<\/strong>. Un r\u00e9cit utilisant un point de vue externe est g\u00e9n\u00e9ralement \u00e9crit \u00e0 la troisi\u00e8me personne.&nbsp;<\/p>\n\n\n\n<blockquote class=\"wp-block-quote has-text-align-left is-style-default is-layout-flow wp-block-quote-is-layout-flow\">\n<p>Deux hommes parurent.<\/p>\n\n\n\n<p>L\u2019un venait de la Bastille, l\u2019autre du Jardin des Plantes.&nbsp;<\/p>\n\n\n\n<p>Le plus grand, v\u00eatu de toile, marchait le chapeau en arri\u00e8re, le gilet d\u00e9boutonn\u00e9 et sa cravate \u00e0 la main. Le plus petit, dont le corps disparaissait dans une redingote marron, baissait la t\u00eate sous une casquette \u00e0 visi\u00e8re pointue.<\/p>\n\n\n\n<p>Quand ils furent arriv\u00e9s au milieu du boulevard, ils s\u2019assirent \u00e0 la m\u00eame minute, sur le m\u00eame banc. Pour s\u2019essuyer le front, ils retir\u00e8rent leurs coiffures, que chacun posa pr\u00e8s de soi.\u2009<\/p>\n<cite>Gustave Flaubert, \u00ab\u2009Bouvard et P\u00e9cuchet\u2009\u00bb, 1881<\/cite><\/blockquote>\n\n\n\n<p class=\"has-text-align-center has-white-color has-vivid-green-cyan-background-color has-text-color has-background\" style=\"font-size:32px\"><strong><a href=\"https:\/\/www.apprentus.fr\/cours-francais\/france%20?utm_source=blog-fr&amp;utm_medium=referral\" target=\"_blank\" rel=\"noreferrer noopener\">Besoin de soutien scolaire en fran\u00e7ais ?<\/a><\/strong><\/p>\n","protected":false},"excerpt":{"rendered":"<p>Pour raconter une histoire, un narrateur peut opter pour 3 points de vue diff\u00e9rents. Il pourra ainsi exprimer sa vision par rapport \u00e0 sa propre perception de l\u2019histoire. \u200b1. Point de vue omniscient Le narrateur conna\u00eet les pens\u00e9es, les sentiments, les opinions de tous les personnages et les relations qui les relient. De plus, il peut se d\u00e9placer dans l\u2019espace et dans le temps. Cette vision lui permet de tout comprendre de la r\u00e9alit\u00e9 qu\u2019il d\u00e9crit. Il en sait plus que les personnages eux-m\u00eames. En secouant la t\u00eate, elle caressa le visage d\u00e9fait de Dolfi. Le gar\u00e7on leva les yeux, reconnaissant ; il essaya de sourire, et une sorte de lumi\u00e8re \u00e9claira un bref instant son visage p\u00e2le. Il y avait toujours l\u2019am\u00e8re solitude d\u2019une cr\u00e9ature fragile, innocente, humili\u00e9e, sans d\u00e9fense\u2009; le d\u00e9sir d\u00e9sesp\u00e9r\u00e9 d\u2019un peu de consolation\u2009; un sentiment pur, douloureux et tr\u00e8s beau qu\u2019il \u00e9tait impossible de d\u00e9finir. Pendant un instant \u2013 et ce fut la derni\u00e8re fois \u2013 il fut un petit gar\u00e7on doux, tendre et malheureux, qui ne comprenait pas et demandait au monde environnant un peu de bont\u00e9.\u2009 Dino BUZZATI, \u201cPauvre petit gar\u00e7on\u2009!\u201d, 1966. 2. Point de vue interne Le narrateur voit les actions et<a href=\"https:\/\/www.apprentus.fr\/blog\/le-point-de-vue\/\" class=\"more_link more_link_dots\"> &hellip; <\/a><\/p>\n","protected":false},"author":14,"featured_media":0,"comment_status":"open","ping_status":"open","sticky":false,"template":"","format":"standard","meta":{"_exactmetrics_skip_tracking":false,"_exactmetrics_sitenote_active":false,"_exactmetrics_sitenote_note":"","_exactmetrics_sitenote_category":0,"_monsterinsights_skip_tracking":false,"_monsterinsights_sitenote_active":false,"_monsterinsights_sitenote_note":"","_monsterinsights_sitenote_category":0,"footnotes":""},"categories":[8,9],"tags":[25,30],"class_list":["post-665","post","type-post","status-publish","format-standard","hentry","category-cours-particulier","category-soutien-scolaire","tag-cours-de-francais","tag-litterature"],"yoast_head":"<!-- This site is optimized with the Yoast SEO plugin v27.5 - https:\/\/yoast.com\/product\/yoast-seo-wordpress\/ -->\n<title>Le point de vue - Omniscient Externe et Interne -Apprentus<\/title>\n<meta name=\"description\" content=\"Le point de vue omniscient Externe et Interne. Fiches de Cours de Fran\u00e7ais destin\u00e9e aux \u00e9l\u00e8ves de Coll\u00e8ge.\" \/>\n<meta name=\"robots\" content=\"index, follow, max-snippet:-1, max-image-preview:large, max-video-preview:-1\" \/>\n<link rel=\"canonical\" href=\"https:\/\/www.apprentus.fr\/blog\/le-point-de-vue\/\" \/>\n<meta property=\"og:locale\" content=\"fr_FR\" \/>\n<meta property=\"og:type\" content=\"article\" \/>\n<meta property=\"og:title\" content=\"Le point de vue - Omniscient Externe et Interne -Apprentus\" \/>\n<meta property=\"og:description\" content=\"Le point de vue omniscient Externe et Interne. Fiches de Cours de Fran\u00e7ais destin\u00e9e aux \u00e9l\u00e8ves de Coll\u00e8ge.\" \/>\n<meta property=\"og:url\" content=\"https:\/\/www.apprentus.fr\/blog\/le-point-de-vue\/\" \/>\n<meta property=\"og:site_name\" content=\"Apprentus France\" \/>\n<meta property=\"article:published_time\" content=\"2021-06-11T12:37:54+00:00\" \/>\n<meta property=\"article:modified_time\" content=\"2025-07-22T10:44:31+00:00\" \/>\n<meta property=\"og:image\" content=\"https:\/\/www.apprentus.fr\/blog\/wp-content\/uploads\/sites\/4\/2021\/06\/lens-1209823_1280-100675509-large-1024x683.jpg\" \/>\n<meta name=\"author\" content=\"Amir Bhouri\" \/>\n<meta name=\"twitter:card\" content=\"summary_large_image\" \/>\n<meta name=\"twitter:creator\" content=\"@Apprentus\" \/>\n<meta name=\"twitter:site\" content=\"@Apprentus\" \/>\n<meta name=\"twitter:label1\" content=\"\u00c9crit par\" \/>\n\t<meta name=\"twitter:data1\" content=\"Amir Bhouri\" \/>\n\t<meta name=\"twitter:label2\" content=\"Dur\u00e9e de lecture estim\u00e9e\" \/>\n\t<meta name=\"twitter:data2\" content=\"2 minutes\" \/>\n<script type=\"application\/ld+json\" class=\"yoast-schema-graph\">{\"@context\":\"https:\\\/\\\/schema.org\",\"@graph\":[{\"@type\":\"Article\",\"@id\":\"https:\\\/\\\/www.apprentus.fr\\\/blog\\\/le-point-de-vue\\\/#article\",\"isPartOf\":{\"@id\":\"https:\\\/\\\/www.apprentus.fr\\\/blog\\\/le-point-de-vue\\\/\"},\"author\":{\"name\":\"Amir Bhouri\",\"@id\":\"https:\\\/\\\/www.apprentus.fr\\\/blog\\\/#\\\/schema\\\/person\\\/f7ec3c5819261456bd92d709fa0a1cf4\"},\"headline\":\"Le point de vue\",\"datePublished\":\"2021-06-11T12:37:54+00:00\",\"dateModified\":\"2025-07-22T10:44:31+00:00\",\"mainEntityOfPage\":{\"@id\":\"https:\\\/\\\/www.apprentus.fr\\\/blog\\\/le-point-de-vue\\\/\"},\"wordCount\":529,\"commentCount\":0,\"publisher\":{\"@id\":\"https:\\\/\\\/www.apprentus.fr\\\/blog\\\/#organization\"},\"image\":{\"@id\":\"https:\\\/\\\/www.apprentus.fr\\\/blog\\\/le-point-de-vue\\\/#primaryimage\"},\"thumbnailUrl\":\"https:\\\/\\\/www.apprentus.fr\\\/blog\\\/wp-content\\\/uploads\\\/sites\\\/4\\\/2021\\\/06\\\/lens-1209823_1280-100675509-large-1024x683.jpg\",\"keywords\":[\"Cours de fran\u00e7ais\",\"Litt\u00e9rature\"],\"articleSection\":[\"Cours Particuliers\",\"Soutien Scolaire\"],\"inLanguage\":\"fr-FR\",\"potentialAction\":[{\"@type\":\"CommentAction\",\"name\":\"Comment\",\"target\":[\"https:\\\/\\\/www.apprentus.fr\\\/blog\\\/le-point-de-vue\\\/#respond\"]}]},{\"@type\":\"WebPage\",\"@id\":\"https:\\\/\\\/www.apprentus.fr\\\/blog\\\/le-point-de-vue\\\/\",\"url\":\"https:\\\/\\\/www.apprentus.fr\\\/blog\\\/le-point-de-vue\\\/\",\"name\":\"Le point de vue - Omniscient Externe et Interne -Apprentus\",\"isPartOf\":{\"@id\":\"https:\\\/\\\/www.apprentus.fr\\\/blog\\\/#website\"},\"primaryImageOfPage\":{\"@id\":\"https:\\\/\\\/www.apprentus.fr\\\/blog\\\/le-point-de-vue\\\/#primaryimage\"},\"image\":{\"@id\":\"https:\\\/\\\/www.apprentus.fr\\\/blog\\\/le-point-de-vue\\\/#primaryimage\"},\"thumbnailUrl\":\"https:\\\/\\\/www.apprentus.fr\\\/blog\\\/wp-content\\\/uploads\\\/sites\\\/4\\\/2021\\\/06\\\/lens-1209823_1280-100675509-large-1024x683.jpg\",\"datePublished\":\"2021-06-11T12:37:54+00:00\",\"dateModified\":\"2025-07-22T10:44:31+00:00\",\"description\":\"Le point de vue omniscient Externe et Interne. Fiches de Cours de Fran\u00e7ais destin\u00e9e aux \u00e9l\u00e8ves de Coll\u00e8ge.\",\"breadcrumb\":{\"@id\":\"https:\\\/\\\/www.apprentus.fr\\\/blog\\\/le-point-de-vue\\\/#breadcrumb\"},\"inLanguage\":\"fr-FR\",\"potentialAction\":[{\"@type\":\"ReadAction\",\"target\":[\"https:\\\/\\\/www.apprentus.fr\\\/blog\\\/le-point-de-vue\\\/\"]}]},{\"@type\":\"ImageObject\",\"inLanguage\":\"fr-FR\",\"@id\":\"https:\\\/\\\/www.apprentus.fr\\\/blog\\\/le-point-de-vue\\\/#primaryimage\",\"url\":\"https:\\\/\\\/www.apprentus.fr\\\/blog\\\/wp-content\\\/uploads\\\/sites\\\/4\\\/2021\\\/06\\\/lens-1209823_1280-100675509-large.jpg\",\"contentUrl\":\"https:\\\/\\\/www.apprentus.fr\\\/blog\\\/wp-content\\\/uploads\\\/sites\\\/4\\\/2021\\\/06\\\/lens-1209823_1280-100675509-large.jpg\",\"width\":1200,\"height\":800},{\"@type\":\"BreadcrumbList\",\"@id\":\"https:\\\/\\\/www.apprentus.fr\\\/blog\\\/le-point-de-vue\\\/#breadcrumb\",\"itemListElement\":[{\"@type\":\"ListItem\",\"position\":1,\"name\":\"Home\",\"item\":\"https:\\\/\\\/www.apprentus.fr\\\/blog\\\/\"},{\"@type\":\"ListItem\",\"position\":2,\"name\":\"Le point de vue\"}]},{\"@type\":\"WebSite\",\"@id\":\"https:\\\/\\\/www.apprentus.fr\\\/blog\\\/#website\",\"url\":\"https:\\\/\\\/www.apprentus.fr\\\/blog\\\/\",\"name\":\"Apprentus France\",\"description\":\"Apprentus France\",\"publisher\":{\"@id\":\"https:\\\/\\\/www.apprentus.fr\\\/blog\\\/#organization\"},\"potentialAction\":[{\"@type\":\"SearchAction\",\"target\":{\"@type\":\"EntryPoint\",\"urlTemplate\":\"https:\\\/\\\/www.apprentus.fr\\\/blog\\\/?s={search_term_string}\"},\"query-input\":{\"@type\":\"PropertyValueSpecification\",\"valueRequired\":true,\"valueName\":\"search_term_string\"}}],\"inLanguage\":\"fr-FR\"},{\"@type\":\"Organization\",\"@id\":\"https:\\\/\\\/www.apprentus.fr\\\/blog\\\/#organization\",\"name\":\"Apprentus\",\"url\":\"https:\\\/\\\/www.apprentus.fr\\\/blog\\\/\",\"logo\":{\"@type\":\"ImageObject\",\"inLanguage\":\"fr-FR\",\"@id\":\"https:\\\/\\\/www.apprentus.fr\\\/blog\\\/#\\\/schema\\\/logo\\\/image\\\/\",\"url\":\"https:\\\/\\\/www.apprentus.fr\\\/blog\\\/wp-content\\\/uploads\\\/sites\\\/4\\\/2021\\\/12\\\/apprentus.png\",\"contentUrl\":\"https:\\\/\\\/www.apprentus.fr\\\/blog\\\/wp-content\\\/uploads\\\/sites\\\/4\\\/2021\\\/12\\\/apprentus.png\",\"width\":1200,\"height\":257,\"caption\":\"Apprentus\"},\"image\":{\"@id\":\"https:\\\/\\\/www.apprentus.fr\\\/blog\\\/#\\\/schema\\\/logo\\\/image\\\/\"},\"sameAs\":[\"https:\\\/\\\/x.com\\\/Apprentus\"]},{\"@type\":\"Person\",\"@id\":\"https:\\\/\\\/www.apprentus.fr\\\/blog\\\/#\\\/schema\\\/person\\\/f7ec3c5819261456bd92d709fa0a1cf4\",\"name\":\"Amir Bhouri\",\"image\":{\"@type\":\"ImageObject\",\"inLanguage\":\"fr-FR\",\"@id\":\"https:\\\/\\\/secure.gravatar.com\\\/avatar\\\/060979f0d43223ab651f01856ec1e2779e6bb013b9f96c1a56b8de628ee94b56?s=96&d=mm&r=g\",\"url\":\"https:\\\/\\\/secure.gravatar.com\\\/avatar\\\/060979f0d43223ab651f01856ec1e2779e6bb013b9f96c1a56b8de628ee94b56?s=96&d=mm&r=g\",\"contentUrl\":\"https:\\\/\\\/secure.gravatar.com\\\/avatar\\\/060979f0d43223ab651f01856ec1e2779e6bb013b9f96c1a56b8de628ee94b56?s=96&d=mm&r=g\",\"caption\":\"Amir Bhouri\"},\"description\":\"Amir Bhouri r\u00e9dige des contenus consacr\u00e9s \u00e0 l\u2019\u00e9ducation et aux cours particuliers pour Apprentus. Il s\u2019int\u00e9resse notamment au soutien scolaire, aux m\u00e9thodes d\u2019apprentissage ainsi qu\u2019aux cours de langue et de musique. Ses articles proposent aux \u00e9l\u00e8ves et aux parents des conseils pratiques pour mieux organiser et accompagner les apprentissages.\",\"url\":\"https:\\\/\\\/www.apprentus.fr\\\/blog\\\/author\\\/amirbhouri\\\/\"}]}<\/script>\n<!-- \/ Yoast SEO plugin. -->","yoast_head_json":{"title":"Le point de vue - Omniscient Externe et Interne -Apprentus","description":"Le point de vue omniscient Externe et Interne. Fiches de Cours de Fran\u00e7ais destin\u00e9e aux \u00e9l\u00e8ves de Coll\u00e8ge.","robots":{"index":"index","follow":"follow","max-snippet":"max-snippet:-1","max-image-preview":"max-image-preview:large","max-video-preview":"max-video-preview:-1"},"canonical":"https:\/\/www.apprentus.fr\/blog\/le-point-de-vue\/","og_locale":"fr_FR","og_type":"article","og_title":"Le point de vue - Omniscient Externe et Interne -Apprentus","og_description":"Le point de vue omniscient Externe et Interne. Fiches de Cours de Fran\u00e7ais destin\u00e9e aux \u00e9l\u00e8ves de Coll\u00e8ge.","og_url":"https:\/\/www.apprentus.fr\/blog\/le-point-de-vue\/","og_site_name":"Apprentus France","article_published_time":"2021-06-11T12:37:54+00:00","article_modified_time":"2025-07-22T10:44:31+00:00","og_image":[{"url":"https:\/\/www.apprentus.fr\/blog\/wp-content\/uploads\/sites\/4\/2021\/06\/lens-1209823_1280-100675509-large-1024x683.jpg","type":"","width":"","height":""}],"author":"Amir Bhouri","twitter_card":"summary_large_image","twitter_creator":"@Apprentus","twitter_site":"@Apprentus","twitter_misc":{"\u00c9crit par":"Amir Bhouri","Dur\u00e9e de lecture estim\u00e9e":"2 minutes"},"schema":{"@context":"https:\/\/schema.org","@graph":[{"@type":"Article","@id":"https:\/\/www.apprentus.fr\/blog\/le-point-de-vue\/#article","isPartOf":{"@id":"https:\/\/www.apprentus.fr\/blog\/le-point-de-vue\/"},"author":{"name":"Amir Bhouri","@id":"https:\/\/www.apprentus.fr\/blog\/#\/schema\/person\/f7ec3c5819261456bd92d709fa0a1cf4"},"headline":"Le point de vue","datePublished":"2021-06-11T12:37:54+00:00","dateModified":"2025-07-22T10:44:31+00:00","mainEntityOfPage":{"@id":"https:\/\/www.apprentus.fr\/blog\/le-point-de-vue\/"},"wordCount":529,"commentCount":0,"publisher":{"@id":"https:\/\/www.apprentus.fr\/blog\/#organization"},"image":{"@id":"https:\/\/www.apprentus.fr\/blog\/le-point-de-vue\/#primaryimage"},"thumbnailUrl":"https:\/\/www.apprentus.fr\/blog\/wp-content\/uploads\/sites\/4\/2021\/06\/lens-1209823_1280-100675509-large-1024x683.jpg","keywords":["Cours de fran\u00e7ais","Litt\u00e9rature"],"articleSection":["Cours Particuliers","Soutien Scolaire"],"inLanguage":"fr-FR","potentialAction":[{"@type":"CommentAction","name":"Comment","target":["https:\/\/www.apprentus.fr\/blog\/le-point-de-vue\/#respond"]}]},{"@type":"WebPage","@id":"https:\/\/www.apprentus.fr\/blog\/le-point-de-vue\/","url":"https:\/\/www.apprentus.fr\/blog\/le-point-de-vue\/","name":"Le point de vue - Omniscient Externe et Interne -Apprentus","isPartOf":{"@id":"https:\/\/www.apprentus.fr\/blog\/#website"},"primaryImageOfPage":{"@id":"https:\/\/www.apprentus.fr\/blog\/le-point-de-vue\/#primaryimage"},"image":{"@id":"https:\/\/www.apprentus.fr\/blog\/le-point-de-vue\/#primaryimage"},"thumbnailUrl":"https:\/\/www.apprentus.fr\/blog\/wp-content\/uploads\/sites\/4\/2021\/06\/lens-1209823_1280-100675509-large-1024x683.jpg","datePublished":"2021-06-11T12:37:54+00:00","dateModified":"2025-07-22T10:44:31+00:00","description":"Le point de vue omniscient Externe et Interne. Fiches de Cours de Fran\u00e7ais destin\u00e9e aux \u00e9l\u00e8ves de Coll\u00e8ge.","breadcrumb":{"@id":"https:\/\/www.apprentus.fr\/blog\/le-point-de-vue\/#breadcrumb"},"inLanguage":"fr-FR","potentialAction":[{"@type":"ReadAction","target":["https:\/\/www.apprentus.fr\/blog\/le-point-de-vue\/"]}]},{"@type":"ImageObject","inLanguage":"fr-FR","@id":"https:\/\/www.apprentus.fr\/blog\/le-point-de-vue\/#primaryimage","url":"https:\/\/www.apprentus.fr\/blog\/wp-content\/uploads\/sites\/4\/2021\/06\/lens-1209823_1280-100675509-large.jpg","contentUrl":"https:\/\/www.apprentus.fr\/blog\/wp-content\/uploads\/sites\/4\/2021\/06\/lens-1209823_1280-100675509-large.jpg","width":1200,"height":800},{"@type":"BreadcrumbList","@id":"https:\/\/www.apprentus.fr\/blog\/le-point-de-vue\/#breadcrumb","itemListElement":[{"@type":"ListItem","position":1,"name":"Home","item":"https:\/\/www.apprentus.fr\/blog\/"},{"@type":"ListItem","position":2,"name":"Le point de vue"}]},{"@type":"WebSite","@id":"https:\/\/www.apprentus.fr\/blog\/#website","url":"https:\/\/www.apprentus.fr\/blog\/","name":"Apprentus France","description":"Apprentus France","publisher":{"@id":"https:\/\/www.apprentus.fr\/blog\/#organization"},"potentialAction":[{"@type":"SearchAction","target":{"@type":"EntryPoint","urlTemplate":"https:\/\/www.apprentus.fr\/blog\/?s={search_term_string}"},"query-input":{"@type":"PropertyValueSpecification","valueRequired":true,"valueName":"search_term_string"}}],"inLanguage":"fr-FR"},{"@type":"Organization","@id":"https:\/\/www.apprentus.fr\/blog\/#organization","name":"Apprentus","url":"https:\/\/www.apprentus.fr\/blog\/","logo":{"@type":"ImageObject","inLanguage":"fr-FR","@id":"https:\/\/www.apprentus.fr\/blog\/#\/schema\/logo\/image\/","url":"https:\/\/www.apprentus.fr\/blog\/wp-content\/uploads\/sites\/4\/2021\/12\/apprentus.png","contentUrl":"https:\/\/www.apprentus.fr\/blog\/wp-content\/uploads\/sites\/4\/2021\/12\/apprentus.png","width":1200,"height":257,"caption":"Apprentus"},"image":{"@id":"https:\/\/www.apprentus.fr\/blog\/#\/schema\/logo\/image\/"},"sameAs":["https:\/\/x.com\/Apprentus"]},{"@type":"Person","@id":"https:\/\/www.apprentus.fr\/blog\/#\/schema\/person\/f7ec3c5819261456bd92d709fa0a1cf4","name":"Amir Bhouri","image":{"@type":"ImageObject","inLanguage":"fr-FR","@id":"https:\/\/secure.gravatar.com\/avatar\/060979f0d43223ab651f01856ec1e2779e6bb013b9f96c1a56b8de628ee94b56?s=96&d=mm&r=g","url":"https:\/\/secure.gravatar.com\/avatar\/060979f0d43223ab651f01856ec1e2779e6bb013b9f96c1a56b8de628ee94b56?s=96&d=mm&r=g","contentUrl":"https:\/\/secure.gravatar.com\/avatar\/060979f0d43223ab651f01856ec1e2779e6bb013b9f96c1a56b8de628ee94b56?s=96&d=mm&r=g","caption":"Amir Bhouri"},"description":"Amir Bhouri r\u00e9dige des contenus consacr\u00e9s \u00e0 l\u2019\u00e9ducation et aux cours particuliers pour Apprentus. Il s\u2019int\u00e9resse notamment au soutien scolaire, aux m\u00e9thodes d\u2019apprentissage ainsi qu\u2019aux cours de langue et de musique. Ses articles proposent aux \u00e9l\u00e8ves et aux parents des conseils pratiques pour mieux organiser et accompagner les apprentissages.","url":"https:\/\/www.apprentus.fr\/blog\/author\/amirbhouri\/"}]}},"_links":{"self":[{"href":"https:\/\/www.apprentus.fr\/blog\/wp-json\/wp\/v2\/posts\/665","targetHints":{"allow":["GET"]}}],"collection":[{"href":"https:\/\/www.apprentus.fr\/blog\/wp-json\/wp\/v2\/posts"}],"about":[{"href":"https:\/\/www.apprentus.fr\/blog\/wp-json\/wp\/v2\/types\/post"}],"author":[{"embeddable":true,"href":"https:\/\/www.apprentus.fr\/blog\/wp-json\/wp\/v2\/users\/14"}],"replies":[{"embeddable":true,"href":"https:\/\/www.apprentus.fr\/blog\/wp-json\/wp\/v2\/comments?post=665"}],"version-history":[{"count":14,"href":"https:\/\/www.apprentus.fr\/blog\/wp-json\/wp\/v2\/posts\/665\/revisions"}],"predecessor-version":[{"id":2708,"href":"https:\/\/www.apprentus.fr\/blog\/wp-json\/wp\/v2\/posts\/665\/revisions\/2708"}],"wp:attachment":[{"href":"https:\/\/www.apprentus.fr\/blog\/wp-json\/wp\/v2\/media?parent=665"}],"wp:term":[{"taxonomy":"category","embeddable":true,"href":"https:\/\/www.apprentus.fr\/blog\/wp-json\/wp\/v2\/categories?post=665"},{"taxonomy":"post_tag","embeddable":true,"href":"https:\/\/www.apprentus.fr\/blog\/wp-json\/wp\/v2\/tags?post=665"}],"curies":[{"name":"wp","href":"https:\/\/api.w.org\/{rel}","templated":true}]}}