{"id":701,"date":"2021-06-15T15:48:18","date_gmt":"2021-06-15T15:48:18","guid":{"rendered":"https:\/\/www.apprentus.fr\/blog\/?p=701"},"modified":"2026-02-19T20:52:38","modified_gmt":"2026-02-19T20:52:38","slug":"les-grandes-dates-de-lhistoire-de-la-sixieme-a-la-troisieme","status":"publish","type":"post","link":"https:\/\/www.apprentus.fr\/blog\/les-grandes-dates-de-lhistoire-de-la-sixieme-a-la-troisieme\/","title":{"rendered":"Les grandes dates de l\u2019Histoire de la sixi\u00e8me \u00e0 la troisi\u00e8me"},"content":{"rendered":"\n<div class=\"wp-block-buttons is-layout-flex wp-block-buttons-is-layout-flex\">\n<div class=\"wp-block-button is-style-outline is-style-outline--1\"><a class=\"wp-block-button__link wp-element-button\" href=\"https:\/\/www.apprentus.fr\/blog\/wp-content\/uploads\/sites\/4\/2021\/07\/Les-grandes-dates-de-lHistoire-de-la-sixieme-a-la-troisieme-pdf.pdf\">Lire et t\u00e9l\u00e9charger cet article au format PDF<\/a><\/div>\n<\/div>\n\n\n\n<hr class=\"wp-block-separator has-alpha-channel-opacity\" \/>\n\n\n<div class=\"wp-block-image\">\n<figure class=\"aligncenter size-large\"><img fetchpriority=\"high\" decoding=\"async\" width=\"512\" height=\"341\" src=\"https:\/\/www.apprentus.fr\/blog\/wp-content\/uploads\/sites\/4\/2021\/06\/apprentus-cours-histoire-1.jpg\" alt=\"\" class=\"wp-image-711\" srcset=\"https:\/\/www.apprentus.fr\/blog\/wp-content\/uploads\/sites\/4\/2021\/06\/apprentus-cours-histoire-1.jpg 512w, https:\/\/www.apprentus.fr\/blog\/wp-content\/uploads\/sites\/4\/2021\/06\/apprentus-cours-histoire-1-300x200.jpg 300w, https:\/\/www.apprentus.fr\/blog\/wp-content\/uploads\/sites\/4\/2021\/06\/apprentus-cours-histoire-1-455x303.jpg 455w, https:\/\/www.apprentus.fr\/blog\/wp-content\/uploads\/sites\/4\/2021\/06\/apprentus-cours-histoire-1-267x178.jpg 267w\" sizes=\"(max-width: 512px) 100vw, 512px\" \/><\/figure>\n<\/div>\n\n\n<p style=\"font-size:22px\">En cours d\u2019histoire, il est important d\u2019avoir des rep\u00e8res chronologiques. Vous trouverez dans cet article les principales dates \u00e0 retenir, de la sixi\u00e8me \u00e0 la troisi\u00e8me, selon les diff\u00e9rents th\u00e8mes du programme de l\u2019\u00e9ducation nationale.<\/p>\n\n\n\n<h2 class=\"wp-block-heading\" style=\"text-transform:uppercase\"><strong>Besoin d\u2019aide pour retenir ces dates ?<\/strong><\/h2>\n\n\n\n<p>Cette fiche est parfaite pour m\u00e9moriser, mais le plus dur est souvent de <strong>trier l\u2019essentiel<\/strong> et de <strong>r\u00e9viser efficacement<\/strong>.<br>Un professeur peut t\u2019aider \u00e0 :<\/p>\n\n\n\n<ul class=\"wp-block-list\">\n<li>construire une <strong>frise claire<\/strong> (6e \u2192 3e)<\/li>\n\n\n\n<li>comprendre les <strong>liens cause \u2192 cons\u00e9quence<\/strong><\/li>\n\n\n\n<li>apprendre plus vite avec une <strong>m\u00e9thode simple<\/strong><\/li>\n<\/ul>\n\n\n\n<div class=\"wp-block-buttons is-content-justification-center is-layout-flex wp-container-core-buttons-is-layout-16018d1d wp-block-buttons-is-layout-flex\">\n<div class=\"wp-block-button has-custom-font-size has-medium-font-size\"><a class=\"wp-block-button__link has-white-color has-vivid-green-cyan-background-color has-text-color has-background has-link-color wp-element-button\" href=\"https:\/\/www.apprentus.fr\/cours-histoire-1\/france?utm_source=blog-fr&amp;utm_medium=referral&amp;utm_campaign=dates-importantes\" target=\"_blank\" rel=\"noreferrer noopener\"><strong>Trouver un prof d\u2019histoire<\/strong><\/a><\/div>\n<\/div>\n\n\n\n<h1 class=\"wp-block-heading has-huge-font-size\"><span class=\"has-inline-color has-luminous-vivid-amber-color\">Classe de sixi\u00e8me\u00a0<\/span><\/h1>\n\n\n\n<h2 class=\"wp-block-heading\"><span class=\"has-inline-color has-vivid-green-cyan-color\">Th\u00e8me 1<\/span> : La longue histoire de l\u2019humanit\u00e9 et des migrations\u00a0<\/h2>\n\n\n\n<ul class=\"wp-block-list\">\n<li>La Pr\u00e9histoire : de -2,5 millions d\u2019ann\u00e9es \u00e0 -3500 ans.<\/li>\n\n\n\n<li>Pal\u00e9olithique : de -2,5 millions d\u2019ann\u00e9es \u00e0 -10\u2009000 ans.<\/li>\n\n\n\n<li>Ma\u00eetrise du feu : vers -400\u2009000 ans.<\/li>\n\n\n\n<li>Apparition \u00ab\u2009d\u2019homo sapiens\u2009\u00bb : vers -300\u2009000 ans.<\/li>\n\n\n\n<li>Apparition de l\u2019agriculture : vers -10\u2009000 ans.&nbsp;<\/li>\n\n\n\n<li>Apparition de l\u2019\u00e9criture : vers -3500 ans.<\/li>\n<\/ul>\n\n\n\n<h2 class=\"wp-block-heading\"><span class=\"has-inline-color has-vivid-green-cyan-color\">Th\u00e8me 2<\/span> : R\u00e9cits fondateurs, croyances et citoyennet\u00e9 dans la M\u00e9diterran\u00e9e antique au Ier mill\u00e9naire avant J.-C.<\/h2>\n\n\n\n<ul class=\"wp-block-list\">\n<li>Vers 3500 Av. J.-C. : apparition des premi\u00e8res \u00e9critures en M\u00e9sopotamie.<\/li>\n\n\n\n<li>Vers 2000 Av. J.-C. : Les Grecs s\u2019installent en Gr\u00e8ce.<\/li>\n\n\n\n<li>Vers 1600 Av. J.-C. : \u00c9poque myc\u00e9nienne.<\/li>\n\n\n\n<li>Vers 1100 Av. J.-C. : D\u00e9but l\u2019\u00e9poque archa\u00efque.<\/li>\n\n\n\n<li>Vers 800 Av. J.-C. : Naissance des cit\u00e9s.<\/li>\n\n\n\n<li>776 Av. J.-C. : Premiers Jeux olympiques \u00e0 Olympie.<\/li>\n\n\n\n<li>Vers 500 avant Av. J.-C. \u00e0 479 Av. J.-C. : Guerres m\u00e9diques entre les Perses et les Grecs.<\/li>\n\n\n\n<li>479 Av. J.-C. : D\u00e9but de l\u2019\u00e9poque classique et apog\u00e9e d\u2019Ath\u00e8nes.<\/li>\n\n\n\n<li>334 Av. J.-C. : D\u00e9but de l\u2019exp\u00e9dition d\u2019Alexandre le Grand.<\/li>\n\n\n\n<li>168 Av. J.-C. : D\u00e9but de la conqu\u00eate romaine.<\/li>\n<\/ul>\n\n\n\n<h2 class=\"wp-block-heading\"><span class=\"has-inline-color has-vivid-green-cyan-color\">Th\u00e8me 3<\/span> : L\u2019Empire romain dans le monde antique<\/h2>\n\n\n\n<ul class=\"wp-block-list\">\n<li>753 Av. J.-C. : Fondation de Rome.<\/li>\n\n\n\n<li>509 Av. J.-C. : Fondation de la R\u00e9publique.<\/li>\n\n\n\n<li>300 Av. J.-C. : D\u00e9but des conqu\u00eates romaines.<\/li>\n\n\n\n<li>52 Av. J.-C. : Guerre des Gaules et victoire romaine \u00e0 Al\u00e9sia.<\/li>\n\n\n\n<li>27 Av. J.-C. : Naissance de l\u2019Empire et fin des conqu\u00eates romaines.<\/li>\n\n\n\n<li>64 : Incendie de Rome, d\u00e9but des pers\u00e9cutions contre les chr\u00e9tiens.<\/li>\n\n\n\n<li>313 : \u00c9dit de Constantin autorisant la religion chr\u00e9tienne.<\/li>\n\n\n\n<li>392 : \u00c9dit de Th\u00e9odose autorisant la religion chr\u00e9tienne dans l\u2019Empire romain.<\/li>\n\n\n\n<li>395 : Partage de l\u2019Empire : Empire romain d\u2019Occident et Empire romain d\u2019Orient.<\/li>\n\n\n\n<li>410 : Prise de Rome par les Goths.<\/li>\n\n\n\n<li>476 : Chute de l\u2019Empire romain d\u2019Occident et fin de l\u2019Antiquit\u00e9.<\/li>\n<\/ul>\n\n\n\n<h1 class=\"wp-block-heading has-huge-font-size\"><span class=\"has-inline-color has-luminous-vivid-amber-color\">Classe de cinqui\u00e8me<\/span><\/h1>\n\n\n\n<h2 class=\"wp-block-heading\"><span class=\"has-inline-color has-vivid-green-cyan-color\">Th\u00e8me 1<\/span> : Chr\u00e9tient\u00e9s et islam (VIe-XIIIe si\u00e8cles), des mondes en contact. Byzance et l\u2019Europe carolingienne. De la naissance de l\u2019islam \u00e0 la prise de Bagdad par les Mongols.\u00a0<\/h2>\n\n\n\n<h3 class=\"wp-block-heading\">L\u2019Empire byzantin :<\/h3>\n\n\n\n<ul class=\"wp-block-list\">\n<li>476 : L\u2019Empire romain d\u2019Orient subsiste sous le nom d\u2019Empire byzantin avec pour capitale : Constantinople.<\/li>\n\n\n\n<li>1054 : Schisme d\u2019Orient entre l\u2019\u00c9glise catholique d\u2019Occident et l\u2019\u00c9glise orthodoxe d\u2019Orient.<\/li>\n\n\n\n<li>IX \u00e8me si\u00e8cle : Diffusion de l\u2019alphabet cyrillique.<\/li>\n\n\n\n<li>1204 : Les crois\u00e9s s\u2019emparent de Constantinople.<\/li>\n\n\n\n<li>1453 : Les Turcs s\u2019emparent de Constantinople et fin de l\u2019empire byzantin.<\/li>\n<\/ul>\n\n\n\n<h3 class=\"wp-block-heading\">Le monde musulman :<\/h3>\n\n\n\n<ul class=\"wp-block-list\">\n<li>622 : L\u2019h\u00e9gire, Mahomet se r\u00e9fugie \u00e0 M\u00e9dine. D\u00e9but du calendrier religieux musulman.<\/li>\n\n\n\n<li>632 : Mort de Mahomet. L\u2019Islam est pr\u00e9sent dans toute l\u2019Arabie.<\/li>\n\n\n\n<li>632 \u00e0 750 : Conqu\u00eates arabes.<\/li>\n\n\n\n<li>969 \u00e0 1170 : Dynastie des Fatimides et prosp\u00e9rit\u00e9 du monde musulman.<\/li>\n\n\n\n<li>1492 : Fin de la Reconquista catholique et fin du royaume musulman \u00e0 Grenade.<\/li>\n<\/ul>\n\n\n\n<h3 class=\"wp-block-heading\">L\u2019instauration de l\u2019empire carolingien :<\/h3>\n\n\n\n<ul class=\"wp-block-list\">\n<li>496 : Bapt\u00eame de Clovis et d\u00e9but de la dynastie m\u00e9rovingienne.<\/li>\n\n\n\n<li>751 : P\u00e9pin le Bref devient roi des Francs : la dynastie carolingienne est fond\u00e9e.<\/li>\n\n\n\n<li>800 : Sacre de l\u2019empereur Charlemagne et Aix-la-Chapelle devient capitale du royaume.<\/li>\n\n\n\n<li>814 : Mort de Charlemagne.<\/li>\n\n\n\n<li>843 : Partage de l\u2019empire \u00e0 Verdun.<\/li>\n<\/ul>\n\n\n\n<h2 class=\"wp-block-heading\"><span class=\"has-inline-color has-vivid-green-cyan-color\">Th\u00e8me 2<\/span> : Soci\u00e9t\u00e9, \u00c9glise et pouvoir politique dans l\u2019occident f\u00e9odal (XIe-XVe si\u00e8cles). L\u2019ordre seigneurial : la formation et la domination des campagnes. L\u2019\u00e9mergence d\u2019une nouvelle soci\u00e9t\u00e9 urbaine. L\u2019affirmation de l\u2019\u00c9tat monarchique dans le Royaume des Cap\u00e9tiens et des Valois.<\/h2>\n\n\n\n<ul class=\"wp-block-list\">\n<li>987 : Couronnement et sacre d\u2019Hugues Capet.<\/li>\n\n\n\n<li>XIe-XIVe si\u00e8cles : Doublement de la population europ\u00e9enne.<\/li>\n\n\n\n<li>1214 : Bataille de Bouvines.<\/li>\n\n\n\n<li>1337-1453 : Guerre de Cent Ans.<\/li>\n<\/ul>\n\n\n\n<h2 class=\"wp-block-heading\"><span class=\"has-inline-color has-vivid-green-cyan-color\">Th\u00e8me 3<\/span> : Transformations de l\u2019Europe et ouverture sur le monde aux XVIe et XVIIe si\u00e8cles. Le monde au temps de Charles Quint et Soliman le Magnifique. Humanisme, r\u00e9formes et conflits religieux. Du Prince de la Renaissance au roi absolu. (Fran\u00e7ois Ier, Henri IV, Louis XIV)<\/h2>\n\n\n\n<ul class=\"wp-block-list\">\n<li>1453 : Prise de Constantinople.<\/li>\n\n\n\n<li>1492 :  D\u00e9couverte de l\u2019Am\u00e9rique par Christophe Colomb&nbsp;<\/li>\n\n\n\n<li>1517 : Luther publie ses 95 th\u00e8ses.<\/li>\n\n\n\n<li>1598 : \u00c9dit de Nantes.<\/li>\n\n\n\n<li>1661-1715 :  R\u00e8gne de Louis XIV.<\/li>\n<\/ul>\n\n\n\n<h1 class=\"wp-block-heading has-huge-font-size\"><span class=\"has-inline-color has-luminous-vivid-amber-color\">Classe de quatri\u00e8me<\/span><\/h1>\n\n\n\n<h2 class=\"wp-block-heading\"><span class=\"has-inline-color has-vivid-green-cyan-color\">Th\u00e8me 1 <\/span>: Le XVIIIe si\u00e8cle. Expansions, Lumi\u00e8res et r\u00e9volutions, bourgeoisies marchandes, n\u00e9goces internationaux, traites n\u00e9gri\u00e8res et esclavage au XVIIIe si\u00e8cle. L\u2019Europe des Lumi\u00e8res : circulation des id\u00e9es, despotisme \u00e9clair\u00e9 et contestation de l\u2019absolutisme. La R\u00e9volution fran\u00e7aise et l\u2019Empire : nouvel ordre politique et soci\u00e9t\u00e9 r\u00e9volutionn\u00e9e en France et en Europe.\u00a0<\/h2>\n\n\n\n<ul class=\"wp-block-list\">\n<li>5 mai 1789 : Convocation des \u00e9tats g\u00e9n\u00e9raux.<\/li>\n\n\n\n<li>14 juillet 1789 : Prise de la Bastille.<\/li>\n\n\n\n<li>4 ao\u00fbt 1789 : Abolition des privil\u00e8ges et fin de l\u2019Ancien R\u00e9gime.<\/li>\n\n\n\n<li>26 ao\u00fbt 1789 : D\u00e9claration des droits de l\u2019homme.<\/li>\n\n\n\n<li>1789-1792 : Monarchie constitutionnelle.<\/li>\n\n\n\n<li>10 ao\u00fbt 1792 : Chute de la monarchie et d\u00e9but de la R\u00e9publique le 22 septembre.<\/li>\n\n\n\n<li>1792-1794 : R\u00e9publique des Sans-Culottes. R\u00e9gime de la Convention.<\/li>\n\n\n\n<li>14 f\u00e9vrier 1794 : La Convention abolit l\u2019esclavage.<\/li>\n\n\n\n<li>27 juillet 1794 : Chute de Robespierre.<\/li>\n\n\n\n<li>1794-1799 : \u00c9chec de la R\u00e9publique bourgeoise et donc du Directoire.<\/li>\n\n\n\n<li>10 novembre 1799 : Bonaparte, Premier Consul et d\u00e9but du Consulat.<\/li>\n\n\n\n<li>1802 : R\u00e9tablissement de l\u2019esclavage par Bonaparte.<\/li>\n\n\n\n<li>2 d\u00e9cembre 1804 : Sacre de Napol\u00e9on et d\u00e9but de l\u2019Empire.<\/li>\n\n\n\n<li>1804-1815 : L\u2019Empire avec ses guerres napol\u00e9oniennes. L\u2019Empire s\u2019effondre face \u00e0 la coalition europ\u00e9enne.<\/li>\n\n\n\n<li>9 juin 1815 : L\u2019acte final du Congr\u00e8s de Vienne qui r\u00e9tablit l\u2019ordre ancien des princes sur l\u2019Europe.<\/li>\n<\/ul>\n\n\n\n<h2 class=\"wp-block-heading\"><span class=\"has-inline-color has-vivid-green-cyan-color\">Th\u00e8me 2<\/span> : L\u2019Europe et le monde au XIXe si\u00e8cle : L\u2019Europe de la r\u00e9volution industrielle Conqu\u00eates et soci\u00e9t\u00e9s coloniales.<\/h2>\n\n\n\n<ul class=\"wp-block-list\">\n<li>Dernier tiers du XVIIIe si\u00e8cle : D\u00e9buts de la r\u00e9volution industrielle en Angleterre<\/li>\n\n\n\n<li>1848 : \u00ab\u2009Printemps des peuples\u2009\u00bb et seconde abolition de l\u2019esclavage en France<\/li>\n\n\n\n<li>Ann\u00e9es 1870 : D\u00e9but de la \u00ab\u2009seconde r\u00e9volution industrielle\u2009\u00bb<\/li>\n\n\n\n<li>1870-1914 : \u00ab\u2009Seconde mondialisation\u2009\u00bb et relance de la colonisation<\/li>\n\n\n\n<li>1900 : Exposition universelle de Paris<\/li>\n<\/ul>\n\n\n\n<h2 class=\"wp-block-heading\"><span class=\"has-inline-color has-vivid-green-cyan-color\">Th\u00e8me 3<\/span> : Soci\u00e9t\u00e9, culture et politique dans la France du XIXe si\u00e8cle. Une difficile conqu\u00eate : le droit de vote. La Troisi\u00e8me R\u00e9publique. Conditions f\u00e9minines dans une soci\u00e9t\u00e9 en mutation.<\/h2>\n\n\n\n<ul class=\"wp-block-list\">\n<li>1848 : Adoption du suffrage universel<\/li>\n\n\n\n<li>1870 : Proclamation de la Troisi\u00e8me R\u00e9publique<\/li>\n\n\n\n<li>1882 : Jules Ferry et l\u2019\u00e9cole gratuite, la\u00efque obligatoire<\/li>\n\n\n\n<li>1894-1906 : Affaire Dreyfus<\/li>\n\n\n\n<li>1905 : S\u00e9paration des \u00c9glises et de l\u2019\u00c9tat<\/li>\n<\/ul>\n\n\n\n<h1 class=\"wp-block-heading has-huge-font-size\"><span class=\"has-inline-color has-luminous-vivid-amber-color\">Classe de troisi\u00e8me<\/span><\/h1>\n\n\n\n<h2 class=\"wp-block-heading\"><span class=\"has-inline-color has-vivid-green-cyan-color\">Th\u00e8me 1<\/span> : Civils et militaires dans la Premi\u00e8re Guerre mondiale. D\u00e9mocraties fragilis\u00e9es et exp\u00e9riences totalitaires dans l\u2019Europe de l\u2019entre-deux-guerres. La Deuxi\u00e8me Guerre mondiale, une guerre d\u2019an\u00e9antissement. L\u2019Europe, un th\u00e9\u00e2tre majeur des guerres totales (1914-1945). La France d\u00e9faite et occup\u00e9e. R\u00e9gime de Vichy, collaboration et R\u00e9sistance.\u00a0<\/h2>\n\n\n\n<h3 class=\"wp-block-heading\">Premi\u00e8re Guerre mondiale<\/h3>\n\n\n\n<ul class=\"wp-block-list\">\n<li>28 juin 1914 : Attentat de Sarajevo. Un Serbe assassine l\u2019archiduc d\u2019Autriche.<\/li>\n\n\n\n<li>23 juillet 1914 : L\u2019Autriche lance un ultimatum \u00e0 la Serbie.<\/li>\n\n\n\n<li>25 juillet 1914 : La Russie soutient la Serbie.<\/li>\n\n\n\n<li>28 juillet : L\u2019Autriche d\u00e9clare la guerre \u00e0 la Serbie.<\/li>\n\n\n\n<li>30 juillet : La Russie mobilise.<\/li>\n\n\n\n<li>31 juillet : L\u2019Allemagne lance un ultimatum \u00e0 la Russie.<\/li>\n\n\n\n<li>1er ao\u00fbt : L\u2019Allemagne d\u00e9clare la guerre \u00e0 la Russie.<\/li>\n\n\n\n<li>2 ao\u00fbt : La France mobilise.<\/li>\n\n\n\n<li>3 ao\u00fbt : L\u2019Allemagne d\u00e9clare la guerre \u00e0 la France et envahit la Belgique et le Luxembourg.<\/li>\n\n\n\n<li>4 ao\u00fbt : Le Royaume-Uni d\u00e9clare la guerre \u00e0 l\u2019Allemagne.<\/li>\n\n\n\n<li>1914- 1915 : Guerre de mouvement.<\/li>\n\n\n\n<li>1915-1918 : Guerre de position.&nbsp;<\/li>\n\n\n\n<li>1916 : Bataille de Verdun.<\/li>\n\n\n\n<li>Avril 1917 : Entr\u00e9e en guerre des Etats-Unis.<\/li>\n\n\n\n<li>11 novembre 1918 : Armistice. Victoire des Alli\u00e9s.<\/li>\n\n\n\n<li>28 juin 1919 : Signature du Trait\u00e9 de Versailles cr\u00e9ant la Soci\u00e9t\u00e9 des Nations, l\u2019anc\u00eatre de l\u2019ONU.<\/li>\n<\/ul>\n\n\n\n<h3 class=\"wp-block-heading\">l\u2019Europe de l\u2019entre-deux-guerres<\/h3>\n\n\n\n<ul class=\"wp-block-list\">\n<li>1929 : D\u00e9but de la crise \u00e9conomique aux Etats-Unis.<\/li>\n\n\n\n<li>30 janvier 1933 : Hitler devient chancelier en Allemagne et re\u00e7oit les pleins pouvoirs.<\/li>\n\n\n\n<li>29-30 janvier 1934 : Nuit des Longs Couteaux en Allemagne.<\/li>\n\n\n\n<li>1935 : Promulgation des Lois de Nuremberg en Allemagne.<\/li>\n\n\n\n<li>1936 : Gr\u00e8ves en France. Axe Rome-Berlin.<\/li>\n\n\n\n<li>1936-1938 : Gouvernement du Front Populaire en France et cr\u00e9ation de lois sociales.<\/li>\n\n\n\n<li>1939 : D\u00e9but de la Seconde Guerre mondiale. Signature du pacte de non-agression entre Hitler et Staline.<\/li>\n<\/ul>\n\n\n\n<h3 class=\"wp-block-heading\">Seconde Guerre mondiale<\/h3>\n\n\n\n<ul class=\"wp-block-list\">\n<li>1er septembre 1939 : L\u2019Allemagne envahit la Pologne.<\/li>\n\n\n\n<li>3 septembre 1939 : Le Royaume-Uni puis la France r\u00e9agissent et d\u00e9clarent la guerre \u00e0 l\u2019Allemagne.<\/li>\n\n\n\n<li>10 mai 1940 : Attaque allemande \u00e0 l\u2019ouest.<\/li>\n\n\n\n<li>18 juin 1940 : Appel du G\u00e9n\u00e9ral de Gaulle \u00e0 Londres.<\/li>\n\n\n\n<li>22 juin 1940 : Attaque allemande de l\u2019URSS<\/li>\n\n\n\n<li>7 d\u00e9cembre 1942 : Attaque japonaise de Pearl Harbor.<\/li>\n\n\n\n<li>Novembre 1942 \u2014 F\u00e9vrier 1943 : Stalingrad.<\/li>\n\n\n\n<li>6 juin 1944 : D\u00e9barquement de Normandie.<\/li>\n\n\n\n<li>F\u00e9vrier 1945 : Conf\u00e9rence de Yalta.<\/li>\n\n\n\n<li>8 mai 1945 : Capitulation allemande.<\/li>\n\n\n\n<li>Ao\u00fbt 1945 : Hiroshima.<\/li>\n\n\n\n<li>2 septembre 1945 : Capitulation japonaise.<\/li>\n\n\n\n<li>Novembre 1945-octobre 1946 : Proc\u00e8s de Nuremberg.<\/li>\n<\/ul>\n\n\n\n<h2 class=\"wp-block-heading\"><span class=\"has-inline-color has-vivid-green-cyan-color\">Th\u00e8me 2<\/span> : Le monde depuis 1945. Ind\u00e9pendances et construction de nouveaux \u00c9tats. Un monde bipolaire au temps de la guerre froide. Affirmation et mise en \u0153uvre du projet europ\u00e9en. Enjeux et conflits dans le monde apr\u00e8s 1989<\/h2>\n\n\n\n<ul class=\"wp-block-list\">\n<li>1947 \u2014 fin des ann\u00e9es 1980 : Les Etats-Unis et L\u2019URSS s\u2019affrontent, c\u2019est la guerre froide.<\/li>\n\n\n\n<li>1947 : Plan Marshall, aide des Etats-Unis pour la reconstruction de l\u2019Europe occidentale. Plan Jdanov, aide de l\u2019URSS pour l\u2019Europe de l\u2019Est.<\/li>\n\n\n\n<li>1948-1949 : Berlin : th\u00e9\u00e2tre d\u2019affrontement entre URSS et Etats-Unis.<\/li>\n\n\n\n<li>1949 : Naissance de l\u2019OTAN, alliance militaire du camp occidental sous la direction des Etats-Unis.<\/li>\n\n\n\n<li>1950-1953 : Guerre de Cor\u00e9e opposant am\u00e9ricains aux communistes chinois.<\/li>\n\n\n\n<li>1955 : L\u2019URSS et les pays de l\u2019Europe de l\u2019Est forment une alliance militaire : le pacte de Varsovie.<\/li>\n\n\n\n<li>1960-1970 : La D\u00e9tente dans la Guerre Froide.<\/li>\n\n\n\n<li>1962 : Crise de Cuba.<\/li>\n\n\n\n<li>1968 : Printemps de Prague, les chars russes \u00e9crasent la r\u00e9volte.<\/li>\n\n\n\n<li>1975 : Accords d\u2019Helsinki marquent l\u2019apog\u00e9e de la D\u00e9tente.<\/li>\n\n\n\n<li>1989 : Chute du mur de Berlin.<\/li>\n\n\n\n<li>1991 : Chute de l\u2019URSS et fin de la Guerre Froide.<\/li>\n<\/ul>\n\n\n\n<h2 class=\"wp-block-heading\"><span class=\"has-inline-color has-vivid-green-cyan-color\">Th\u00e8me 3<\/span> : Fran\u00e7aises et Fran\u00e7ais dans une R\u00e9publique repens\u00e9e. 1944-1947 : refonder la R\u00e9publique, red\u00e9finir la d\u00e9mocratie. La Ve R\u00e9publique, de la R\u00e9publique gaullienne \u00e0 l\u2019alternance et \u00e0 la cohabitation. Femmes et hommes dans la soci\u00e9t\u00e9 des ann\u00e9es 1950 aux ann\u00e9es 1980 : nouveaux enjeux sociaux et culturels, r\u00e9ponses politiques<\/h2>\n\n\n\n<ul class=\"wp-block-list\">\n<li>1945 : Rapprochement Franco-Allemand.<\/li>\n\n\n\n<li>1951 : Communaut\u00e9 europ\u00e9enne du charbon et de l\u2019acier (CECA) regroupant l\u2019Italie, la Belgique, les Pays-Bas et le Luxembourg. <\/li>\n\n\n\n<li>1957 : Trait\u00e9 de Rome qui cr\u00e9e la Communaut\u00e9 \u00e9conomique europ\u00e9enne (CEE).<\/li>\n\n\n\n<li>4 octobre 1958 : La V\u1d49 R\u00e9publique entre en vigueur en France.<\/li>\n\n\n\n<li>17 janvier 1975 : Promulgation de la loi Veil relative \u00e0 l\u2019interruption volontaire de grossesse.&nbsp;<\/li>\n\n\n\n<li>21 mai 1981 : Fran\u00e7ois Mitterrand devient pr\u00e9sident de la R\u00e9publique.<\/li>\n\n\n\n<li>1986 : Acte unique qui donne naissance \u00e0 un march\u00e9 unique et sans barri\u00e8res douani\u00e8res.<\/li>\n\n\n\n<li>1992 : Trait\u00e9 de Maastricht.<\/li>\n\n\n\n<li>2002 : Application du trait\u00e9 de Maastricht avec entr\u00e9e en vigueur de l\u2019Euro, la monnaie unique.<br><\/li>\n<\/ul>\n\n\n\n<hr class=\"wp-block-separator has-alpha-channel-opacity\" \/>\n\n\n\n<h2 class=\"wp-block-heading\" style=\"text-transform:uppercase\"><strong>R\u00e9viser l\u2019histoire, ce n\u2019est pas \u201ctout apprendre\u201d<\/strong><\/h2>\n\n\n\n<p><strong>En 1 \u00e0 2 s\u00e9ances, un professeur peut t\u2019aider \u00e0 :<\/strong> <\/p>\n\n\n\n<ul class=\"wp-block-list\">\n<li>retenir les dates <strong>sans te noyer<\/strong><\/li>\n\n\n\n<li>faire une frise <strong>propre et logique<\/strong><\/li>\n\n\n\n<li>r\u00e9pondre avec une m\u00e9thode (intro, rep\u00e8res, causes\/cons\u00e9quences)<\/li>\n\n\n\n<li>t\u2019entra\u00eener sur des questions <strong>type contr\u00f4le \/ Brevet<\/strong><\/li>\n<\/ul>\n\n\n\n<div class=\"wp-block-buttons is-content-justification-center is-layout-flex wp-container-core-buttons-is-layout-16018d1d wp-block-buttons-is-layout-flex\">\n<div class=\"wp-block-button has-custom-width wp-block-button__width-50 has-custom-font-size has-medium-font-size\"><a class=\"wp-block-button__link has-white-color has-vivid-green-cyan-background-color has-text-color has-background has-link-color wp-element-button\" href=\"https:\/\/www.apprentus.fr\/cours-histoire-1\/france?utm_source=blog-fr&amp;utm_medium=referral&amp;utm_campaign=dates-importantes\" target=\"_blank\" rel=\"noreferrer noopener\"><strong>Trouver un prof d\u2019histoire<\/strong><\/a><\/div>\n<\/div>\n\n\n\n<h2 class=\"wp-block-heading\" style=\"text-transform:uppercase\">Questions fr\u00e9quentes (et astuces pour r\u00e9viser plus vite)<\/h2>\n\n\n\n<div class=\"schema-faq wp-block-yoast-faq-block\"><div class=\"schema-faq-section\" id=\"faq-question-1771533941077\"><strong class=\"schema-faq-question\"><strong>1) Je dois apprendre toutes les dates ?<\/strong><\/strong> <p class=\"schema-faq-answer\">Non. Apprends d\u2019abord <strong>10 \u00e0 15 dates cl\u00e9s<\/strong> (celles que ton prof r\u00e9p\u00e8te + celles du cours). Le reste sert \u00e0 compl\u00e9ter.<\/p> <\/div> <div class=\"schema-faq-section\" id=\"faq-question-1771533974543\"><strong class=\"schema-faq-question\">2) Je retiens, puis j\u2019oublie\u2026 je fais quoi ?<\/strong> <p class=\"schema-faq-answer\">R\u00e9vise en mini-sessions : <strong>10 minutes<\/strong>, 3 fois par semaine. Fais-toi interroger (ou auto-quiz) : c\u2019est \u00e7a qui fixe la m\u00e9moire.<\/p> <\/div> <div class=\"schema-faq-section\" id=\"faq-question-1771533991964\"><strong class=\"schema-faq-question\">3) Comment faire une frise rapide et efficace ?<\/strong> <p class=\"schema-faq-answer\">Fais 4 blocs : <strong>Antiquit\u00e9 \/ Moyen \u00c2ge \/ Temps modernes \/ \u00c9poque contemporaine<\/strong>. Tu places 5 dates \u201cpiliers\u201d, puis tu ajoutes les autres autour.<\/p> <\/div> <div class=\"schema-faq-section\" id=\"faq-question-1771534010662\"><strong class=\"schema-faq-question\">4) Je confonds les si\u00e8cles, c\u2019est normal ?<\/strong> <p class=\"schema-faq-answer\">Oui. Astuce : <strong>1800 = XIXe si\u00e8cle<\/strong>, <strong>1900 = XXe<\/strong>, <strong>2000 = XXIe<\/strong>. Entra\u00eene-toi avec 5 exemples, \u00e7a rentre vite.<\/p> <\/div> <div class=\"schema-faq-section\" id=\"faq-question-1771534030085\"><strong class=\"schema-faq-question\">5) Au contr\u00f4le, je connais la date mais je ne sais pas quoi dire\u2026<\/strong> <p class=\"schema-faq-answer\">Pour chaque date, retiens 1 mini-formule : <strong>\u201cquoi ? + pourquoi c\u2019est important ?\u201d<\/strong> (cause ou cons\u00e9quence). M\u00eame une phrase suffit.<\/p> <\/div> <\/div>\n","protected":false},"excerpt":{"rendered":"<p>En cours d\u2019histoire, il est important d\u2019avoir des rep\u00e8res chronologiques. Vous trouverez dans cet article les principales dates \u00e0 retenir, de la sixi\u00e8me \u00e0 la troisi\u00e8me, selon les diff\u00e9rents th\u00e8mes du programme de l\u2019\u00e9ducation nationale. Besoin d\u2019aide pour retenir ces dates ? Cette fiche est parfaite pour m\u00e9moriser, mais le plus dur est souvent de trier l\u2019essentiel et de r\u00e9viser efficacement.Un professeur peut t\u2019aider \u00e0 : Classe de sixi\u00e8me\u00a0 Th\u00e8me 1 : La longue histoire de l\u2019humanit\u00e9 et des migrations\u00a0 Th\u00e8me 2 : R\u00e9cits fondateurs, croyances et citoyennet\u00e9 dans la M\u00e9diterran\u00e9e antique au Ier mill\u00e9naire avant J.-C. Th\u00e8me 3 : L\u2019Empire romain dans le monde antique Classe de cinqui\u00e8me Th\u00e8me 1 : Chr\u00e9tient\u00e9s et islam (VIe-XIIIe si\u00e8cles), des mondes en contact. Byzance et l\u2019Europe carolingienne. De la naissance de l\u2019islam \u00e0 la prise de Bagdad par les Mongols.\u00a0 L\u2019Empire byzantin : Le monde musulman : L\u2019instauration de l\u2019empire carolingien : Th\u00e8me 2 : Soci\u00e9t\u00e9, \u00c9glise et pouvoir politique dans l\u2019occident f\u00e9odal (XIe-XVe si\u00e8cles). L\u2019ordre seigneurial : la formation et la domination des campagnes. L\u2019\u00e9mergence d\u2019une nouvelle soci\u00e9t\u00e9 urbaine. L\u2019affirmation de l\u2019\u00c9tat monarchique dans le Royaume des Cap\u00e9tiens et des Valois. Th\u00e8me 3 : Transformations de l\u2019Europe et ouverture sur le<a href=\"https:\/\/www.apprentus.fr\/blog\/les-grandes-dates-de-lhistoire-de-la-sixieme-a-la-troisieme\/\" class=\"more_link more_link_dots\"> &hellip; <\/a><\/p>\n","protected":false},"author":14,"featured_media":0,"comment_status":"open","ping_status":"open","sticky":false,"template":"","format":"standard","meta":{"_exactmetrics_skip_tracking":false,"_exactmetrics_sitenote_active":false,"_exactmetrics_sitenote_note":"","_exactmetrics_sitenote_category":0,"_monsterinsights_skip_tracking":false,"_monsterinsights_sitenote_active":false,"_monsterinsights_sitenote_note":"","_monsterinsights_sitenote_category":0,"footnotes":""},"categories":[8,9],"tags":[28,17],"class_list":["post-701","post","type-post","status-publish","format-standard","hentry","category-cours-particulier","category-soutien-scolaire","tag-college","tag-cours-dhistoire"],"yoast_head":"<!-- This site is optimized with the Yoast SEO plugin v27.5 - https:\/\/yoast.com\/product\/yoast-seo-wordpress\/ -->\n<title>Grandes dates de l\u2019histoire - Fiches de Cours histoire Coll\u00e8ge - Apprentus<\/title>\n<meta name=\"description\" content=\"Les grandes dates de l\u2019histoire . Fiches de Cours histoire Coll\u00e8ge pour les sixi\u00e8me 6\u00e8me , cinqui\u00e8me 5\u00e8me , quatri\u00e8me 4\u00e8me et troisi\u00e8me 3\u00e8me.\" \/>\n<meta name=\"robots\" content=\"index, follow, max-snippet:-1, max-image-preview:large, max-video-preview:-1\" \/>\n<link rel=\"canonical\" href=\"https:\/\/www.apprentus.fr\/blog\/les-grandes-dates-de-lhistoire-de-la-sixieme-a-la-troisieme\/\" \/>\n<meta property=\"og:locale\" content=\"fr_FR\" \/>\n<meta property=\"og:type\" content=\"article\" \/>\n<meta property=\"og:title\" content=\"Grandes dates de l\u2019histoire - Fiches de Cours histoire Coll\u00e8ge - Apprentus\" \/>\n<meta property=\"og:description\" content=\"Les grandes dates de l\u2019histoire . Fiches de Cours histoire Coll\u00e8ge pour les sixi\u00e8me 6\u00e8me , cinqui\u00e8me 5\u00e8me , quatri\u00e8me 4\u00e8me et troisi\u00e8me 3\u00e8me.\" \/>\n<meta property=\"og:url\" content=\"https:\/\/www.apprentus.fr\/blog\/les-grandes-dates-de-lhistoire-de-la-sixieme-a-la-troisieme\/\" \/>\n<meta property=\"og:site_name\" content=\"Apprentus France\" \/>\n<meta property=\"article:published_time\" content=\"2021-06-15T15:48:18+00:00\" \/>\n<meta property=\"article:modified_time\" content=\"2026-02-19T20:52:38+00:00\" \/>\n<meta property=\"og:image\" content=\"https:\/\/www.apprentus.fr\/blog\/wp-content\/uploads\/sites\/4\/2021\/06\/apprentus-cours-histoire-1.jpg\" \/>\n<meta name=\"author\" content=\"Amir Bhouri\" \/>\n<meta name=\"twitter:card\" content=\"summary_large_image\" \/>\n<meta name=\"twitter:creator\" content=\"@Apprentus\" \/>\n<meta name=\"twitter:site\" content=\"@Apprentus\" \/>\n<meta name=\"twitter:label1\" content=\"\u00c9crit par\" \/>\n\t<meta name=\"twitter:data1\" content=\"Amir Bhouri\" \/>\n\t<meta name=\"twitter:label2\" content=\"Dur\u00e9e de lecture estim\u00e9e\" \/>\n\t<meta name=\"twitter:data2\" content=\"10 minutes\" \/>\n<script type=\"application\/ld+json\" class=\"yoast-schema-graph\">{\"@context\":\"https:\\\/\\\/schema.org\",\"@graph\":[{\"@type\":\"Article\",\"@id\":\"https:\\\/\\\/www.apprentus.fr\\\/blog\\\/les-grandes-dates-de-lhistoire-de-la-sixieme-a-la-troisieme\\\/#article\",\"isPartOf\":{\"@id\":\"https:\\\/\\\/www.apprentus.fr\\\/blog\\\/les-grandes-dates-de-lhistoire-de-la-sixieme-a-la-troisieme\\\/\"},\"author\":{\"name\":\"Amir Bhouri\",\"@id\":\"https:\\\/\\\/www.apprentus.fr\\\/blog\\\/#\\\/schema\\\/person\\\/f7ec3c5819261456bd92d709fa0a1cf4\"},\"headline\":\"Les grandes dates de l\u2019Histoire de la sixi\u00e8me \u00e0 la troisi\u00e8me\",\"datePublished\":\"2021-06-15T15:48:18+00:00\",\"dateModified\":\"2026-02-19T20:52:38+00:00\",\"mainEntityOfPage\":{\"@id\":\"https:\\\/\\\/www.apprentus.fr\\\/blog\\\/les-grandes-dates-de-lhistoire-de-la-sixieme-a-la-troisieme\\\/\"},\"wordCount\":2047,\"commentCount\":0,\"publisher\":{\"@id\":\"https:\\\/\\\/www.apprentus.fr\\\/blog\\\/#organization\"},\"image\":{\"@id\":\"https:\\\/\\\/www.apprentus.fr\\\/blog\\\/les-grandes-dates-de-lhistoire-de-la-sixieme-a-la-troisieme\\\/#primaryimage\"},\"thumbnailUrl\":\"https:\\\/\\\/www.apprentus.fr\\\/blog\\\/wp-content\\\/uploads\\\/sites\\\/4\\\/2021\\\/06\\\/apprentus-cours-histoire-1.jpg\",\"keywords\":[\"Coll\u00e8ge\",\"Cours d&#039;histoire\"],\"articleSection\":[\"Cours Particuliers\",\"Soutien Scolaire\"],\"inLanguage\":\"fr-FR\",\"potentialAction\":[{\"@type\":\"CommentAction\",\"name\":\"Comment\",\"target\":[\"https:\\\/\\\/www.apprentus.fr\\\/blog\\\/les-grandes-dates-de-lhistoire-de-la-sixieme-a-la-troisieme\\\/#respond\"]}]},{\"@type\":[\"WebPage\",\"FAQPage\"],\"@id\":\"https:\\\/\\\/www.apprentus.fr\\\/blog\\\/les-grandes-dates-de-lhistoire-de-la-sixieme-a-la-troisieme\\\/\",\"url\":\"https:\\\/\\\/www.apprentus.fr\\\/blog\\\/les-grandes-dates-de-lhistoire-de-la-sixieme-a-la-troisieme\\\/\",\"name\":\"Grandes dates de l\u2019histoire - Fiches de Cours histoire Coll\u00e8ge - Apprentus\",\"isPartOf\":{\"@id\":\"https:\\\/\\\/www.apprentus.fr\\\/blog\\\/#website\"},\"primaryImageOfPage\":{\"@id\":\"https:\\\/\\\/www.apprentus.fr\\\/blog\\\/les-grandes-dates-de-lhistoire-de-la-sixieme-a-la-troisieme\\\/#primaryimage\"},\"image\":{\"@id\":\"https:\\\/\\\/www.apprentus.fr\\\/blog\\\/les-grandes-dates-de-lhistoire-de-la-sixieme-a-la-troisieme\\\/#primaryimage\"},\"thumbnailUrl\":\"https:\\\/\\\/www.apprentus.fr\\\/blog\\\/wp-content\\\/uploads\\\/sites\\\/4\\\/2021\\\/06\\\/apprentus-cours-histoire-1.jpg\",\"datePublished\":\"2021-06-15T15:48:18+00:00\",\"dateModified\":\"2026-02-19T20:52:38+00:00\",\"description\":\"Les grandes dates de l\u2019histoire . Fiches de Cours histoire Coll\u00e8ge pour les sixi\u00e8me 6\u00e8me , cinqui\u00e8me 5\u00e8me , quatri\u00e8me 4\u00e8me et troisi\u00e8me 3\u00e8me.\",\"breadcrumb\":{\"@id\":\"https:\\\/\\\/www.apprentus.fr\\\/blog\\\/les-grandes-dates-de-lhistoire-de-la-sixieme-a-la-troisieme\\\/#breadcrumb\"},\"mainEntity\":[{\"@id\":\"https:\\\/\\\/www.apprentus.fr\\\/blog\\\/les-grandes-dates-de-lhistoire-de-la-sixieme-a-la-troisieme\\\/#faq-question-1771533941077\"},{\"@id\":\"https:\\\/\\\/www.apprentus.fr\\\/blog\\\/les-grandes-dates-de-lhistoire-de-la-sixieme-a-la-troisieme\\\/#faq-question-1771533974543\"},{\"@id\":\"https:\\\/\\\/www.apprentus.fr\\\/blog\\\/les-grandes-dates-de-lhistoire-de-la-sixieme-a-la-troisieme\\\/#faq-question-1771533991964\"},{\"@id\":\"https:\\\/\\\/www.apprentus.fr\\\/blog\\\/les-grandes-dates-de-lhistoire-de-la-sixieme-a-la-troisieme\\\/#faq-question-1771534010662\"},{\"@id\":\"https:\\\/\\\/www.apprentus.fr\\\/blog\\\/les-grandes-dates-de-lhistoire-de-la-sixieme-a-la-troisieme\\\/#faq-question-1771534030085\"}],\"inLanguage\":\"fr-FR\",\"potentialAction\":[{\"@type\":\"ReadAction\",\"target\":[\"https:\\\/\\\/www.apprentus.fr\\\/blog\\\/les-grandes-dates-de-lhistoire-de-la-sixieme-a-la-troisieme\\\/\"]}]},{\"@type\":\"ImageObject\",\"inLanguage\":\"fr-FR\",\"@id\":\"https:\\\/\\\/www.apprentus.fr\\\/blog\\\/les-grandes-dates-de-lhistoire-de-la-sixieme-a-la-troisieme\\\/#primaryimage\",\"url\":\"https:\\\/\\\/www.apprentus.fr\\\/blog\\\/wp-content\\\/uploads\\\/sites\\\/4\\\/2021\\\/06\\\/apprentus-cours-histoire-1.jpg\",\"contentUrl\":\"https:\\\/\\\/www.apprentus.fr\\\/blog\\\/wp-content\\\/uploads\\\/sites\\\/4\\\/2021\\\/06\\\/apprentus-cours-histoire-1.jpg\",\"width\":512,\"height\":341},{\"@type\":\"BreadcrumbList\",\"@id\":\"https:\\\/\\\/www.apprentus.fr\\\/blog\\\/les-grandes-dates-de-lhistoire-de-la-sixieme-a-la-troisieme\\\/#breadcrumb\",\"itemListElement\":[{\"@type\":\"ListItem\",\"position\":1,\"name\":\"Home\",\"item\":\"https:\\\/\\\/www.apprentus.fr\\\/blog\\\/\"},{\"@type\":\"ListItem\",\"position\":2,\"name\":\"Les grandes dates de l\u2019Histoire de la sixi\u00e8me \u00e0 la troisi\u00e8me\"}]},{\"@type\":\"WebSite\",\"@id\":\"https:\\\/\\\/www.apprentus.fr\\\/blog\\\/#website\",\"url\":\"https:\\\/\\\/www.apprentus.fr\\\/blog\\\/\",\"name\":\"Apprentus France\",\"description\":\"Apprentus France\",\"publisher\":{\"@id\":\"https:\\\/\\\/www.apprentus.fr\\\/blog\\\/#organization\"},\"potentialAction\":[{\"@type\":\"SearchAction\",\"target\":{\"@type\":\"EntryPoint\",\"urlTemplate\":\"https:\\\/\\\/www.apprentus.fr\\\/blog\\\/?s={search_term_string}\"},\"query-input\":{\"@type\":\"PropertyValueSpecification\",\"valueRequired\":true,\"valueName\":\"search_term_string\"}}],\"inLanguage\":\"fr-FR\"},{\"@type\":\"Organization\",\"@id\":\"https:\\\/\\\/www.apprentus.fr\\\/blog\\\/#organization\",\"name\":\"Apprentus\",\"url\":\"https:\\\/\\\/www.apprentus.fr\\\/blog\\\/\",\"logo\":{\"@type\":\"ImageObject\",\"inLanguage\":\"fr-FR\",\"@id\":\"https:\\\/\\\/www.apprentus.fr\\\/blog\\\/#\\\/schema\\\/logo\\\/image\\\/\",\"url\":\"https:\\\/\\\/www.apprentus.fr\\\/blog\\\/wp-content\\\/uploads\\\/sites\\\/4\\\/2021\\\/12\\\/apprentus.png\",\"contentUrl\":\"https:\\\/\\\/www.apprentus.fr\\\/blog\\\/wp-content\\\/uploads\\\/sites\\\/4\\\/2021\\\/12\\\/apprentus.png\",\"width\":1200,\"height\":257,\"caption\":\"Apprentus\"},\"image\":{\"@id\":\"https:\\\/\\\/www.apprentus.fr\\\/blog\\\/#\\\/schema\\\/logo\\\/image\\\/\"},\"sameAs\":[\"https:\\\/\\\/x.com\\\/Apprentus\"]},{\"@type\":\"Person\",\"@id\":\"https:\\\/\\\/www.apprentus.fr\\\/blog\\\/#\\\/schema\\\/person\\\/f7ec3c5819261456bd92d709fa0a1cf4\",\"name\":\"Amir Bhouri\",\"image\":{\"@type\":\"ImageObject\",\"inLanguage\":\"fr-FR\",\"@id\":\"https:\\\/\\\/secure.gravatar.com\\\/avatar\\\/060979f0d43223ab651f01856ec1e2779e6bb013b9f96c1a56b8de628ee94b56?s=96&d=mm&r=g\",\"url\":\"https:\\\/\\\/secure.gravatar.com\\\/avatar\\\/060979f0d43223ab651f01856ec1e2779e6bb013b9f96c1a56b8de628ee94b56?s=96&d=mm&r=g\",\"contentUrl\":\"https:\\\/\\\/secure.gravatar.com\\\/avatar\\\/060979f0d43223ab651f01856ec1e2779e6bb013b9f96c1a56b8de628ee94b56?s=96&d=mm&r=g\",\"caption\":\"Amir Bhouri\"},\"description\":\"Amir Bhouri r\u00e9dige des contenus consacr\u00e9s \u00e0 l\u2019\u00e9ducation et aux cours particuliers pour Apprentus. Il s\u2019int\u00e9resse notamment au soutien scolaire, aux m\u00e9thodes d\u2019apprentissage ainsi qu\u2019aux cours de langue et de musique. Ses articles proposent aux \u00e9l\u00e8ves et aux parents des conseils pratiques pour mieux organiser et accompagner les apprentissages.\",\"url\":\"https:\\\/\\\/www.apprentus.fr\\\/blog\\\/author\\\/amirbhouri\\\/\"},{\"@type\":\"Question\",\"@id\":\"https:\\\/\\\/www.apprentus.fr\\\/blog\\\/les-grandes-dates-de-lhistoire-de-la-sixieme-a-la-troisieme\\\/#faq-question-1771533941077\",\"position\":1,\"url\":\"https:\\\/\\\/www.apprentus.fr\\\/blog\\\/les-grandes-dates-de-lhistoire-de-la-sixieme-a-la-troisieme\\\/#faq-question-1771533941077\",\"name\":\"1) Je dois apprendre toutes les dates ?\",\"answerCount\":1,\"acceptedAnswer\":{\"@type\":\"Answer\",\"text\":\"Non. Apprends d\u2019abord <strong>10 \u00e0 15 dates cl\u00e9s<\\\/strong> (celles que ton prof r\u00e9p\u00e8te + celles du cours). Le reste sert \u00e0 compl\u00e9ter.\",\"inLanguage\":\"fr-FR\"},\"inLanguage\":\"fr-FR\"},{\"@type\":\"Question\",\"@id\":\"https:\\\/\\\/www.apprentus.fr\\\/blog\\\/les-grandes-dates-de-lhistoire-de-la-sixieme-a-la-troisieme\\\/#faq-question-1771533974543\",\"position\":2,\"url\":\"https:\\\/\\\/www.apprentus.fr\\\/blog\\\/les-grandes-dates-de-lhistoire-de-la-sixieme-a-la-troisieme\\\/#faq-question-1771533974543\",\"name\":\"2) Je retiens, puis j\u2019oublie\u2026 je fais quoi ?\",\"answerCount\":1,\"acceptedAnswer\":{\"@type\":\"Answer\",\"text\":\"R\u00e9vise en mini-sessions : <strong>10 minutes<\\\/strong>, 3 fois par semaine. Fais-toi interroger (ou auto-quiz) : c\u2019est \u00e7a qui fixe la m\u00e9moire.\",\"inLanguage\":\"fr-FR\"},\"inLanguage\":\"fr-FR\"},{\"@type\":\"Question\",\"@id\":\"https:\\\/\\\/www.apprentus.fr\\\/blog\\\/les-grandes-dates-de-lhistoire-de-la-sixieme-a-la-troisieme\\\/#faq-question-1771533991964\",\"position\":3,\"url\":\"https:\\\/\\\/www.apprentus.fr\\\/blog\\\/les-grandes-dates-de-lhistoire-de-la-sixieme-a-la-troisieme\\\/#faq-question-1771533991964\",\"name\":\"3) Comment faire une frise rapide et efficace ?\",\"answerCount\":1,\"acceptedAnswer\":{\"@type\":\"Answer\",\"text\":\"Fais 4 blocs : <strong>Antiquit\u00e9 \\\/ Moyen \u00c2ge \\\/ Temps modernes \\\/ \u00c9poque contemporaine<\\\/strong>. Tu places 5 dates \u201cpiliers\u201d, puis tu ajoutes les autres autour.\",\"inLanguage\":\"fr-FR\"},\"inLanguage\":\"fr-FR\"},{\"@type\":\"Question\",\"@id\":\"https:\\\/\\\/www.apprentus.fr\\\/blog\\\/les-grandes-dates-de-lhistoire-de-la-sixieme-a-la-troisieme\\\/#faq-question-1771534010662\",\"position\":4,\"url\":\"https:\\\/\\\/www.apprentus.fr\\\/blog\\\/les-grandes-dates-de-lhistoire-de-la-sixieme-a-la-troisieme\\\/#faq-question-1771534010662\",\"name\":\"4) Je confonds les si\u00e8cles, c\u2019est normal ?\",\"answerCount\":1,\"acceptedAnswer\":{\"@type\":\"Answer\",\"text\":\"Oui. Astuce : <strong>1800 = XIXe si\u00e8cle<\\\/strong>, <strong>1900 = XXe<\\\/strong>, <strong>2000 = XXIe<\\\/strong>. Entra\u00eene-toi avec 5 exemples, \u00e7a rentre vite.\",\"inLanguage\":\"fr-FR\"},\"inLanguage\":\"fr-FR\"},{\"@type\":\"Question\",\"@id\":\"https:\\\/\\\/www.apprentus.fr\\\/blog\\\/les-grandes-dates-de-lhistoire-de-la-sixieme-a-la-troisieme\\\/#faq-question-1771534030085\",\"position\":5,\"url\":\"https:\\\/\\\/www.apprentus.fr\\\/blog\\\/les-grandes-dates-de-lhistoire-de-la-sixieme-a-la-troisieme\\\/#faq-question-1771534030085\",\"name\":\"5) Au contr\u00f4le, je connais la date mais je ne sais pas quoi dire\u2026\",\"answerCount\":1,\"acceptedAnswer\":{\"@type\":\"Answer\",\"text\":\"Pour chaque date, retiens 1 mini-formule : <strong>\u201cquoi ? + pourquoi c\u2019est important ?\u201d<\\\/strong> (cause ou cons\u00e9quence). M\u00eame une phrase suffit.\",\"inLanguage\":\"fr-FR\"},\"inLanguage\":\"fr-FR\"}]}<\/script>\n<!-- \/ Yoast SEO plugin. -->","yoast_head_json":{"title":"Grandes dates de l\u2019histoire - Fiches de Cours histoire Coll\u00e8ge - Apprentus","description":"Les grandes dates de l\u2019histoire . Fiches de Cours histoire Coll\u00e8ge pour les sixi\u00e8me 6\u00e8me , cinqui\u00e8me 5\u00e8me , quatri\u00e8me 4\u00e8me et troisi\u00e8me 3\u00e8me.","robots":{"index":"index","follow":"follow","max-snippet":"max-snippet:-1","max-image-preview":"max-image-preview:large","max-video-preview":"max-video-preview:-1"},"canonical":"https:\/\/www.apprentus.fr\/blog\/les-grandes-dates-de-lhistoire-de-la-sixieme-a-la-troisieme\/","og_locale":"fr_FR","og_type":"article","og_title":"Grandes dates de l\u2019histoire - Fiches de Cours histoire Coll\u00e8ge - Apprentus","og_description":"Les grandes dates de l\u2019histoire . Fiches de Cours histoire Coll\u00e8ge pour les sixi\u00e8me 6\u00e8me , cinqui\u00e8me 5\u00e8me , quatri\u00e8me 4\u00e8me et troisi\u00e8me 3\u00e8me.","og_url":"https:\/\/www.apprentus.fr\/blog\/les-grandes-dates-de-lhistoire-de-la-sixieme-a-la-troisieme\/","og_site_name":"Apprentus France","article_published_time":"2021-06-15T15:48:18+00:00","article_modified_time":"2026-02-19T20:52:38+00:00","og_image":[{"url":"https:\/\/www.apprentus.fr\/blog\/wp-content\/uploads\/sites\/4\/2021\/06\/apprentus-cours-histoire-1.jpg","type":"","width":"","height":""}],"author":"Amir Bhouri","twitter_card":"summary_large_image","twitter_creator":"@Apprentus","twitter_site":"@Apprentus","twitter_misc":{"\u00c9crit par":"Amir Bhouri","Dur\u00e9e de lecture estim\u00e9e":"10 minutes"},"schema":{"@context":"https:\/\/schema.org","@graph":[{"@type":"Article","@id":"https:\/\/www.apprentus.fr\/blog\/les-grandes-dates-de-lhistoire-de-la-sixieme-a-la-troisieme\/#article","isPartOf":{"@id":"https:\/\/www.apprentus.fr\/blog\/les-grandes-dates-de-lhistoire-de-la-sixieme-a-la-troisieme\/"},"author":{"name":"Amir Bhouri","@id":"https:\/\/www.apprentus.fr\/blog\/#\/schema\/person\/f7ec3c5819261456bd92d709fa0a1cf4"},"headline":"Les grandes dates de l\u2019Histoire de la sixi\u00e8me \u00e0 la troisi\u00e8me","datePublished":"2021-06-15T15:48:18+00:00","dateModified":"2026-02-19T20:52:38+00:00","mainEntityOfPage":{"@id":"https:\/\/www.apprentus.fr\/blog\/les-grandes-dates-de-lhistoire-de-la-sixieme-a-la-troisieme\/"},"wordCount":2047,"commentCount":0,"publisher":{"@id":"https:\/\/www.apprentus.fr\/blog\/#organization"},"image":{"@id":"https:\/\/www.apprentus.fr\/blog\/les-grandes-dates-de-lhistoire-de-la-sixieme-a-la-troisieme\/#primaryimage"},"thumbnailUrl":"https:\/\/www.apprentus.fr\/blog\/wp-content\/uploads\/sites\/4\/2021\/06\/apprentus-cours-histoire-1.jpg","keywords":["Coll\u00e8ge","Cours d&#039;histoire"],"articleSection":["Cours Particuliers","Soutien Scolaire"],"inLanguage":"fr-FR","potentialAction":[{"@type":"CommentAction","name":"Comment","target":["https:\/\/www.apprentus.fr\/blog\/les-grandes-dates-de-lhistoire-de-la-sixieme-a-la-troisieme\/#respond"]}]},{"@type":["WebPage","FAQPage"],"@id":"https:\/\/www.apprentus.fr\/blog\/les-grandes-dates-de-lhistoire-de-la-sixieme-a-la-troisieme\/","url":"https:\/\/www.apprentus.fr\/blog\/les-grandes-dates-de-lhistoire-de-la-sixieme-a-la-troisieme\/","name":"Grandes dates de l\u2019histoire - Fiches de Cours histoire Coll\u00e8ge - Apprentus","isPartOf":{"@id":"https:\/\/www.apprentus.fr\/blog\/#website"},"primaryImageOfPage":{"@id":"https:\/\/www.apprentus.fr\/blog\/les-grandes-dates-de-lhistoire-de-la-sixieme-a-la-troisieme\/#primaryimage"},"image":{"@id":"https:\/\/www.apprentus.fr\/blog\/les-grandes-dates-de-lhistoire-de-la-sixieme-a-la-troisieme\/#primaryimage"},"thumbnailUrl":"https:\/\/www.apprentus.fr\/blog\/wp-content\/uploads\/sites\/4\/2021\/06\/apprentus-cours-histoire-1.jpg","datePublished":"2021-06-15T15:48:18+00:00","dateModified":"2026-02-19T20:52:38+00:00","description":"Les grandes dates de l\u2019histoire . Fiches de Cours histoire Coll\u00e8ge pour les sixi\u00e8me 6\u00e8me , cinqui\u00e8me 5\u00e8me , quatri\u00e8me 4\u00e8me et troisi\u00e8me 3\u00e8me.","breadcrumb":{"@id":"https:\/\/www.apprentus.fr\/blog\/les-grandes-dates-de-lhistoire-de-la-sixieme-a-la-troisieme\/#breadcrumb"},"mainEntity":[{"@id":"https:\/\/www.apprentus.fr\/blog\/les-grandes-dates-de-lhistoire-de-la-sixieme-a-la-troisieme\/#faq-question-1771533941077"},{"@id":"https:\/\/www.apprentus.fr\/blog\/les-grandes-dates-de-lhistoire-de-la-sixieme-a-la-troisieme\/#faq-question-1771533974543"},{"@id":"https:\/\/www.apprentus.fr\/blog\/les-grandes-dates-de-lhistoire-de-la-sixieme-a-la-troisieme\/#faq-question-1771533991964"},{"@id":"https:\/\/www.apprentus.fr\/blog\/les-grandes-dates-de-lhistoire-de-la-sixieme-a-la-troisieme\/#faq-question-1771534010662"},{"@id":"https:\/\/www.apprentus.fr\/blog\/les-grandes-dates-de-lhistoire-de-la-sixieme-a-la-troisieme\/#faq-question-1771534030085"}],"inLanguage":"fr-FR","potentialAction":[{"@type":"ReadAction","target":["https:\/\/www.apprentus.fr\/blog\/les-grandes-dates-de-lhistoire-de-la-sixieme-a-la-troisieme\/"]}]},{"@type":"ImageObject","inLanguage":"fr-FR","@id":"https:\/\/www.apprentus.fr\/blog\/les-grandes-dates-de-lhistoire-de-la-sixieme-a-la-troisieme\/#primaryimage","url":"https:\/\/www.apprentus.fr\/blog\/wp-content\/uploads\/sites\/4\/2021\/06\/apprentus-cours-histoire-1.jpg","contentUrl":"https:\/\/www.apprentus.fr\/blog\/wp-content\/uploads\/sites\/4\/2021\/06\/apprentus-cours-histoire-1.jpg","width":512,"height":341},{"@type":"BreadcrumbList","@id":"https:\/\/www.apprentus.fr\/blog\/les-grandes-dates-de-lhistoire-de-la-sixieme-a-la-troisieme\/#breadcrumb","itemListElement":[{"@type":"ListItem","position":1,"name":"Home","item":"https:\/\/www.apprentus.fr\/blog\/"},{"@type":"ListItem","position":2,"name":"Les grandes dates de l\u2019Histoire de la sixi\u00e8me \u00e0 la troisi\u00e8me"}]},{"@type":"WebSite","@id":"https:\/\/www.apprentus.fr\/blog\/#website","url":"https:\/\/www.apprentus.fr\/blog\/","name":"Apprentus France","description":"Apprentus France","publisher":{"@id":"https:\/\/www.apprentus.fr\/blog\/#organization"},"potentialAction":[{"@type":"SearchAction","target":{"@type":"EntryPoint","urlTemplate":"https:\/\/www.apprentus.fr\/blog\/?s={search_term_string}"},"query-input":{"@type":"PropertyValueSpecification","valueRequired":true,"valueName":"search_term_string"}}],"inLanguage":"fr-FR"},{"@type":"Organization","@id":"https:\/\/www.apprentus.fr\/blog\/#organization","name":"Apprentus","url":"https:\/\/www.apprentus.fr\/blog\/","logo":{"@type":"ImageObject","inLanguage":"fr-FR","@id":"https:\/\/www.apprentus.fr\/blog\/#\/schema\/logo\/image\/","url":"https:\/\/www.apprentus.fr\/blog\/wp-content\/uploads\/sites\/4\/2021\/12\/apprentus.png","contentUrl":"https:\/\/www.apprentus.fr\/blog\/wp-content\/uploads\/sites\/4\/2021\/12\/apprentus.png","width":1200,"height":257,"caption":"Apprentus"},"image":{"@id":"https:\/\/www.apprentus.fr\/blog\/#\/schema\/logo\/image\/"},"sameAs":["https:\/\/x.com\/Apprentus"]},{"@type":"Person","@id":"https:\/\/www.apprentus.fr\/blog\/#\/schema\/person\/f7ec3c5819261456bd92d709fa0a1cf4","name":"Amir Bhouri","image":{"@type":"ImageObject","inLanguage":"fr-FR","@id":"https:\/\/secure.gravatar.com\/avatar\/060979f0d43223ab651f01856ec1e2779e6bb013b9f96c1a56b8de628ee94b56?s=96&d=mm&r=g","url":"https:\/\/secure.gravatar.com\/avatar\/060979f0d43223ab651f01856ec1e2779e6bb013b9f96c1a56b8de628ee94b56?s=96&d=mm&r=g","contentUrl":"https:\/\/secure.gravatar.com\/avatar\/060979f0d43223ab651f01856ec1e2779e6bb013b9f96c1a56b8de628ee94b56?s=96&d=mm&r=g","caption":"Amir Bhouri"},"description":"Amir Bhouri r\u00e9dige des contenus consacr\u00e9s \u00e0 l\u2019\u00e9ducation et aux cours particuliers pour Apprentus. Il s\u2019int\u00e9resse notamment au soutien scolaire, aux m\u00e9thodes d\u2019apprentissage ainsi qu\u2019aux cours de langue et de musique. Ses articles proposent aux \u00e9l\u00e8ves et aux parents des conseils pratiques pour mieux organiser et accompagner les apprentissages.","url":"https:\/\/www.apprentus.fr\/blog\/author\/amirbhouri\/"},{"@type":"Question","@id":"https:\/\/www.apprentus.fr\/blog\/les-grandes-dates-de-lhistoire-de-la-sixieme-a-la-troisieme\/#faq-question-1771533941077","position":1,"url":"https:\/\/www.apprentus.fr\/blog\/les-grandes-dates-de-lhistoire-de-la-sixieme-a-la-troisieme\/#faq-question-1771533941077","name":"1) Je dois apprendre toutes les dates ?","answerCount":1,"acceptedAnswer":{"@type":"Answer","text":"Non. Apprends d\u2019abord <strong>10 \u00e0 15 dates cl\u00e9s<\/strong> (celles que ton prof r\u00e9p\u00e8te + celles du cours). Le reste sert \u00e0 compl\u00e9ter.","inLanguage":"fr-FR"},"inLanguage":"fr-FR"},{"@type":"Question","@id":"https:\/\/www.apprentus.fr\/blog\/les-grandes-dates-de-lhistoire-de-la-sixieme-a-la-troisieme\/#faq-question-1771533974543","position":2,"url":"https:\/\/www.apprentus.fr\/blog\/les-grandes-dates-de-lhistoire-de-la-sixieme-a-la-troisieme\/#faq-question-1771533974543","name":"2) Je retiens, puis j\u2019oublie\u2026 je fais quoi ?","answerCount":1,"acceptedAnswer":{"@type":"Answer","text":"R\u00e9vise en mini-sessions : <strong>10 minutes<\/strong>, 3 fois par semaine. Fais-toi interroger (ou auto-quiz) : c\u2019est \u00e7a qui fixe la m\u00e9moire.","inLanguage":"fr-FR"},"inLanguage":"fr-FR"},{"@type":"Question","@id":"https:\/\/www.apprentus.fr\/blog\/les-grandes-dates-de-lhistoire-de-la-sixieme-a-la-troisieme\/#faq-question-1771533991964","position":3,"url":"https:\/\/www.apprentus.fr\/blog\/les-grandes-dates-de-lhistoire-de-la-sixieme-a-la-troisieme\/#faq-question-1771533991964","name":"3) Comment faire une frise rapide et efficace ?","answerCount":1,"acceptedAnswer":{"@type":"Answer","text":"Fais 4 blocs : <strong>Antiquit\u00e9 \/ Moyen \u00c2ge \/ Temps modernes \/ \u00c9poque contemporaine<\/strong>. Tu places 5 dates \u201cpiliers\u201d, puis tu ajoutes les autres autour.","inLanguage":"fr-FR"},"inLanguage":"fr-FR"},{"@type":"Question","@id":"https:\/\/www.apprentus.fr\/blog\/les-grandes-dates-de-lhistoire-de-la-sixieme-a-la-troisieme\/#faq-question-1771534010662","position":4,"url":"https:\/\/www.apprentus.fr\/blog\/les-grandes-dates-de-lhistoire-de-la-sixieme-a-la-troisieme\/#faq-question-1771534010662","name":"4) Je confonds les si\u00e8cles, c\u2019est normal ?","answerCount":1,"acceptedAnswer":{"@type":"Answer","text":"Oui. Astuce : <strong>1800 = XIXe si\u00e8cle<\/strong>, <strong>1900 = XXe<\/strong>, <strong>2000 = XXIe<\/strong>. Entra\u00eene-toi avec 5 exemples, \u00e7a rentre vite.","inLanguage":"fr-FR"},"inLanguage":"fr-FR"},{"@type":"Question","@id":"https:\/\/www.apprentus.fr\/blog\/les-grandes-dates-de-lhistoire-de-la-sixieme-a-la-troisieme\/#faq-question-1771534030085","position":5,"url":"https:\/\/www.apprentus.fr\/blog\/les-grandes-dates-de-lhistoire-de-la-sixieme-a-la-troisieme\/#faq-question-1771534030085","name":"5) Au contr\u00f4le, je connais la date mais je ne sais pas quoi dire\u2026","answerCount":1,"acceptedAnswer":{"@type":"Answer","text":"Pour chaque date, retiens 1 mini-formule : <strong>\u201cquoi ? + pourquoi c\u2019est important ?\u201d<\/strong> (cause ou cons\u00e9quence). M\u00eame une phrase suffit.","inLanguage":"fr-FR"},"inLanguage":"fr-FR"}]}},"_links":{"self":[{"href":"https:\/\/www.apprentus.fr\/blog\/wp-json\/wp\/v2\/posts\/701","targetHints":{"allow":["GET"]}}],"collection":[{"href":"https:\/\/www.apprentus.fr\/blog\/wp-json\/wp\/v2\/posts"}],"about":[{"href":"https:\/\/www.apprentus.fr\/blog\/wp-json\/wp\/v2\/types\/post"}],"author":[{"embeddable":true,"href":"https:\/\/www.apprentus.fr\/blog\/wp-json\/wp\/v2\/users\/14"}],"replies":[{"embeddable":true,"href":"https:\/\/www.apprentus.fr\/blog\/wp-json\/wp\/v2\/comments?post=701"}],"version-history":[{"count":26,"href":"https:\/\/www.apprentus.fr\/blog\/wp-json\/wp\/v2\/posts\/701\/revisions"}],"predecessor-version":[{"id":3039,"href":"https:\/\/www.apprentus.fr\/blog\/wp-json\/wp\/v2\/posts\/701\/revisions\/3039"}],"wp:attachment":[{"href":"https:\/\/www.apprentus.fr\/blog\/wp-json\/wp\/v2\/media?parent=701"}],"wp:term":[{"taxonomy":"category","embeddable":true,"href":"https:\/\/www.apprentus.fr\/blog\/wp-json\/wp\/v2\/categories?post=701"},{"taxonomy":"post_tag","embeddable":true,"href":"https:\/\/www.apprentus.fr\/blog\/wp-json\/wp\/v2\/tags?post=701"}],"curies":[{"name":"wp","href":"https:\/\/api.w.org\/{rel}","templated":true}]}}